{"id":136084,"date":"2026-04-27T14:35:54","date_gmt":"2026-04-27T17:35:54","guid":{"rendered":"https:\/\/tvtecjundiai.com.br\/news\/?p=136084"},"modified":"2026-04-27T14:37:12","modified_gmt":"2026-04-27T17:37:12","slug":"jundiaiense-bate-recorde-brasileiro-no-salto-com-vara-master","status":"publish","type":"post","link":"https:\/\/tvtecjundiai.com.br\/news\/2026\/04\/27\/jundiaiense-bate-recorde-brasileiro-no-salto-com-vara-master\/","title":{"rendered":"Jundiaiense bate recorde brasileiro no salto com vara master"},"content":{"rendered":"\n<p>A atleta Gislaine Cristina de S\u00e1, do Time Jundia\u00ed de Atletismo, estabeleceu um novo recorde brasileiro e paulista na categoria feminina de 40 a 44 anos no salto com vara. A marca hist\u00f3rica de 3,00 metros foi alcan\u00e7ada durante a 3\u00aa etapa do Circuito Paulista Open, promovido pela Federa\u00e7\u00e3o Paulista de Atletismo, realizada no dia 18 de abril, em S\u00e3o Caetano do Sul.<\/p>\n\n\n\n<figure class=\"wp-block-image size-full\"><img loading=\"lazy\" decoding=\"async\" width=\"1200\" height=\"896\" src=\"https:\/\/tvtecjundiai.com.br\/news\/wp-content\/uploads\/sites\/2\/2026\/04\/Gemini_Generated_Image_lpdfdelpdfdelpdf.png\" alt=\"\" class=\"wp-image-136087\" srcset=\"https:\/\/tvtecjundiai.com.br\/news\/wp-content\/uploads\/sites\/2\/2026\/04\/Gemini_Generated_Image_lpdfdelpdfdelpdf.png 1200w, https:\/\/tvtecjundiai.com.br\/news\/wp-content\/uploads\/sites\/2\/2026\/04\/Gemini_Generated_Image_lpdfdelpdfdelpdf-300x224.png 300w, https:\/\/tvtecjundiai.com.br\/news\/wp-content\/uploads\/sites\/2\/2026\/04\/Gemini_Generated_Image_lpdfdelpdfdelpdf-768x573.png 768w\" sizes=\"auto, (max-width: 1200px) 100vw, 1200px\" \/><\/figure>\n\n\n\n<p><\/p>\n\n\n\n<p>O resultado j\u00e1 foi homologado e supera em quatro cent\u00edmetros o recorde anterior \u2014 que tamb\u00e9m pertencia \u00e0 pr\u00f3pria atleta. Este \u00e9 o oitavo recorde brasileiro quebrado por Gislaine na prova, consolidando sua trajet\u00f3ria de destaque no atletismo master.<br>A conquista ganha ainda mais relev\u00e2ncia diante dos desafios enfrentados pela atleta ao longo dos \u00faltimos anos. Gislaine passou por cirurgias importantes, incluindo reconstru\u00e7\u00e3o do ligamento cruzado anterior do joelho direito e um procedimento no p\u00e9 esquerdo, que ainda exige cuidados. Mesmo assim, manteve o foco e a disciplina nos treinamentos.<\/p>\n\n\n\n<p><\/p>\n\n\n\n<p><\/p>\n\n\n\n<div class=\"wp-block-columns is-layout-flex wp-container-core-columns-is-layout-9d6595d7 wp-block-columns-is-layout-flex\">\n<div class=\"wp-block-column is-layout-flow wp-block-column-is-layout-flow\">\n<figure class=\"wp-block-image size-large\"><img loading=\"lazy\" decoding=\"async\" width=\"640\" height=\"960\" src=\"https:\/\/tvtecjundiai.com.br\/news\/wp-content\/uploads\/sites\/2\/2026\/04\/WhatsApp-Image-2026-04-27-at-14.02.22-1-640x960.jpeg\" alt=\"\" class=\"wp-image-136088\" srcset=\"https:\/\/tvtecjundiai.com.br\/news\/wp-content\/uploads\/sites\/2\/2026\/04\/WhatsApp-Image-2026-04-27-at-14.02.22-1-640x960.jpeg 640w, https:\/\/tvtecjundiai.com.br\/news\/wp-content\/uploads\/sites\/2\/2026\/04\/WhatsApp-Image-2026-04-27-at-14.02.22-1-300x450.jpeg 300w, https:\/\/tvtecjundiai.com.br\/news\/wp-content\/uploads\/sites\/2\/2026\/04\/WhatsApp-Image-2026-04-27-at-14.02.22-1-768x1153.jpeg 768w, https:\/\/tvtecjundiai.com.br\/news\/wp-content\/uploads\/sites\/2\/2026\/04\/WhatsApp-Image-2026-04-27-at-14.02.22-1-1023x1536.jpeg 1023w, https:\/\/tvtecjundiai.com.br\/news\/wp-content\/uploads\/sites\/2\/2026\/04\/WhatsApp-Image-2026-04-27-at-14.02.22-1.jpeg 1066w\" sizes=\"auto, (max-width: 640px) 100vw, 640px\" \/><\/figure>\n<\/div>\n\n\n\n<div class=\"wp-block-column is-layout-flow wp-block-column-is-layout-flow\">\n<figure class=\"wp-block-image size-large\"><img loading=\"lazy\" decoding=\"async\" width=\"640\" height=\"960\" src=\"https:\/\/tvtecjundiai.com.br\/news\/wp-content\/uploads\/sites\/2\/2026\/04\/WhatsApp-Image-2026-04-27-at-14.02.22-640x960.jpeg\" alt=\"\" class=\"wp-image-136089\" srcset=\"https:\/\/tvtecjundiai.com.br\/news\/wp-content\/uploads\/sites\/2\/2026\/04\/WhatsApp-Image-2026-04-27-at-14.02.22-640x960.jpeg 640w, https:\/\/tvtecjundiai.com.br\/news\/wp-content\/uploads\/sites\/2\/2026\/04\/WhatsApp-Image-2026-04-27-at-14.02.22-300x450.jpeg 300w, https:\/\/tvtecjundiai.com.br\/news\/wp-content\/uploads\/sites\/2\/2026\/04\/WhatsApp-Image-2026-04-27-at-14.02.22-768x1153.jpeg 768w, https:\/\/tvtecjundiai.com.br\/news\/wp-content\/uploads\/sites\/2\/2026\/04\/WhatsApp-Image-2026-04-27-at-14.02.22-1023x1536.jpeg 1023w, https:\/\/tvtecjundiai.com.br\/news\/wp-content\/uploads\/sites\/2\/2026\/04\/WhatsApp-Image-2026-04-27-at-14.02.22.jpeg 1066w\" sizes=\"auto, (max-width: 640px) 100vw, 640px\" \/><\/figure>\n<\/div>\n<\/div>\n\n\n\n<blockquote class=\"wp-block-quote is-layout-flow wp-block-quote-is-layout-flow\">\n<p><\/p>\n\n\n\n<p><\/p>\n\n\n\n<p>\u201c\u00c9 uma marca que venho perseguindo h\u00e1 anos. Apesar das adapta\u00e7\u00f5es necess\u00e1rias, sigo focada em evoluir e buscar resultados ainda melhores\u201d, destacou a atleta.<\/p>\n<\/blockquote>\n\n\n\n<p>De acordo com a comiss\u00e3o t\u00e9cnica do Time Jundia\u00ed, o desempenho j\u00e1 na primeira competi\u00e7\u00e3o do ano indica um ciclo promissor, dando sequ\u00eancia ao per\u00edodo de crescimento vivido pela equipe no p\u00f3s-pandemia de COVID-19.<\/p>\n\n\n\n<p>O t\u00e9cnico ressaltou que ajustes t\u00e9cnicos e um planejamento estrat\u00e9gico foram fundamentais para o resultado. \u201cHouve muito foco, determina\u00e7\u00e3o e entrega. Fizemos apontamentos importantes na execu\u00e7\u00e3o dos saltos, e o retorno veio mais r\u00e1pido do que esper\u00e1vamos\u201d, afirmou.<\/p>\n\n\n\n<p>Agora, o objetivo \u00e9 elevar ainda mais o n\u00edvel. Com a marca de 3 metros superada, os pr\u00f3ximos treinos ser\u00e3o mais espec\u00edficos e desafiadores. \u201cPassar alturas acima disso exige ainda mais precis\u00e3o, mas isso s\u00f3 aumenta a motiva\u00e7\u00e3o\u201d, completou Gislaine.<\/p>\n\n\n\n<p>A atleta tamb\u00e9m fez quest\u00e3o de agradecer o apoio do Time Jundia\u00ed, da Secretaria Municipal de Esportes e Lazer de Jundia\u00ed e das equipes m\u00e9dicas respons\u00e1veis por sua recupera\u00e7\u00e3o, fundamentais para seu retorno ao alto rendimento.<\/p>\n\n\n\n<p>A expectativa \u00e9 de que novos recordes sejam conquistados ao longo da temporada, refor\u00e7ando o protagonismo de Gislaine no cen\u00e1rio do atletismo master brasileiro.<\/p>\n\n\n\n<p><\/p>\n\n\n\n<p>Fonte \/ Imagem: Time Jundia\u00ed de Atletismo<\/p>\n","protected":false},"excerpt":{"rendered":"<p>Atleta do Time Jundia\u00ed, Gislaine Cristina de S\u00e1 alcan\u00e7a 3,00 metros, supera a pr\u00f3pria marca e estabelece novo recorde brasileiro e paulista na categoria 40 a 44 anos<\/p>\n","protected":false},"author":24,"featured_media":136090,"comment_status":"closed","ping_status":"0","sticky":false,"template":"","format":"standard","meta":{"footnotes":""},"categories":[29,2827],"tags":[],"class_list":["post-136084","post","type-post","status-publish","format-standard","has-post-thumbnail","hentry","category-destaque","category-esportes-e-lazer"],"_links":{"self":[{"href":"https:\/\/tvtecjundiai.com.br\/news\/wp-json\/wp\/v2\/posts\/136084","targetHints":{"allow":["GET"]}}],"collection":[{"href":"https:\/\/tvtecjundiai.com.br\/news\/wp-json\/wp\/v2\/posts"}],"about":[{"href":"https:\/\/tvtecjundiai.com.br\/news\/wp-json\/wp\/v2\/types\/post"}],"author":[{"embeddable":true,"href":"https:\/\/tvtecjundiai.com.br\/news\/wp-json\/wp\/v2\/users\/24"}],"replies":[{"embeddable":true,"href":"https:\/\/tvtecjundiai.com.br\/news\/wp-json\/wp\/v2\/comments?post=136084"}],"version-history":[{"count":3,"href":"https:\/\/tvtecjundiai.com.br\/news\/wp-json\/wp\/v2\/posts\/136084\/revisions"}],"predecessor-version":[{"id":136093,"href":"https:\/\/tvtecjundiai.com.br\/news\/wp-json\/wp\/v2\/posts\/136084\/revisions\/136093"}],"wp:featuredmedia":[{"embeddable":true,"href":"https:\/\/tvtecjundiai.com.br\/news\/wp-json\/wp\/v2\/media\/136090"}],"wp:attachment":[{"href":"https:\/\/tvtecjundiai.com.br\/news\/wp-json\/wp\/v2\/media?parent=136084"}],"wp:term":[{"taxonomy":"category","embeddable":true,"href":"https:\/\/tvtecjundiai.com.br\/news\/wp-json\/wp\/v2\/categories?post=136084"},{"taxonomy":"post_tag","embeddable":true,"href":"https:\/\/tvtecjundiai.com.br\/news\/wp-json\/wp\/v2\/tags?post=136084"}],"curies":[{"name":"wp","href":"https:\/\/api.w.org\/{rel}","templated":true}]}}