{"id":136099,"date":"2026-04-28T08:53:29","date_gmt":"2026-04-28T11:53:29","guid":{"rendered":"https:\/\/tvtecjundiai.com.br\/news\/?p=136099"},"modified":"2026-04-28T08:53:51","modified_gmt":"2026-04-28T11:53:51","slug":"parque-do-corrupira-recebe-programacao-especial-no-dia-do-trabalhador-em-jundiai","status":"publish","type":"post","link":"https:\/\/tvtecjundiai.com.br\/news\/2026\/04\/28\/parque-do-corrupira-recebe-programacao-especial-no-dia-do-trabalhador-em-jundiai\/","title":{"rendered":"Parque do Corrupira recebe programa\u00e7\u00e3o especial no Dia do Trabalhador em Jundia\u00ed"},"content":{"rendered":"\n<p>Nesta sexta-feira, dia 1\u00b0 de maio, o Dia do Trabalhador ser\u00e1 celebrado com uma programa\u00e7\u00e3o especial no Parque do Corrupira, em Jundia\u00ed. O evento acontece a partir das 8h, com diversas atra\u00e7\u00f5es voltadas para toda a fam\u00edlia.<\/p>\n\n\n<div class=\"wp-block-image\">\n<figure class=\"aligncenter size-large\"><img loading=\"lazy\" decoding=\"async\" width=\"1200\" height=\"801\" src=\"https:\/\/tvtecjundiai.com.br\/news\/wp-content\/uploads\/sites\/2\/2026\/04\/image-22-1200x801.png\" alt=\"\" class=\"wp-image-136100\" srcset=\"https:\/\/tvtecjundiai.com.br\/news\/wp-content\/uploads\/sites\/2\/2026\/04\/image-22-1200x801.png 1200w, https:\/\/tvtecjundiai.com.br\/news\/wp-content\/uploads\/sites\/2\/2026\/04\/image-22-300x200.png 300w, https:\/\/tvtecjundiai.com.br\/news\/wp-content\/uploads\/sites\/2\/2026\/04\/image-22-768x512.png 768w, https:\/\/tvtecjundiai.com.br\/news\/wp-content\/uploads\/sites\/2\/2026\/04\/image-22.png 1280w\" sizes=\"auto, (max-width: 1200px) 100vw, 1200px\" \/><figcaption class=\"wp-element-caption\">Reinaugura\u00e7\u00e3o do Parque do Corrupira completa um ano no s\u00e1bado (1). (Imagem: Prefeitura de Jundia\u00ed)<\/figcaption><\/figure>\n<\/div>\n\n\n<p>Entre as atividades previstas est\u00e3o passeio de trenzinho, atra\u00e7\u00f5es culturais, food trucks, rotas tur\u00edsticas do munic\u00edpio, feira de artesanato, com o Jundia\u00ed Feito \u00e0 M\u00e3o, e mais valoriza\u00e7\u00e3o aos servi\u00e7os de empreendedores jundiaienses, com o Galp\u00e3o Criativo. O p\u00fablico tamb\u00e9m poder\u00e1 aproveitar feira de frutas e verduras, atividades esportivas, brinquedos para crian\u00e7as, al\u00e9m de a\u00e7\u00f5es de sa\u00fade, como vacina\u00e7\u00e3o e a\u00e7\u00f5es relacionadas ao Maio Amarelo.<\/p>\n\n\n\n<p>O parque est\u00e1 localizado na Avenida Nicola Accieri, 1900, no bairro Corrupira e ter\u00e1 acesso facilitado haver\u00e1 \u00f4nibus gratuito com sa\u00edda do Pa\u00e7o Municipal e do Terminal Cecap.<\/p>\n\n\n\n<p>A organiza\u00e7\u00e3o tamb\u00e9m incentiva a participa\u00e7\u00e3o solid\u00e1ria da popula\u00e7\u00e3o, com a doa\u00e7\u00e3o volunt\u00e1ria de alimentos para o Fundo Social de Solidariedade.<\/p>\n\n\n\n<p><strong><em>Texto por: Reda\u00e7\u00e3o TVTEC Jundia\u00ed<\/em><\/strong><\/p>\n","protected":false},"excerpt":{"rendered":"<p>Evento acontece a partir das 8h, com diversas atra\u00e7\u00f5es voltadas para toda a fam\u00edlia<\/p>\n","protected":false},"author":24,"featured_media":136101,"comment_status":"closed","ping_status":"0","sticky":false,"template":"","format":"standard","meta":{"footnotes":""},"categories":[29,8429,8356,8354,1],"tags":[],"class_list":["post-136099","post","type-post","status-publish","format-standard","has-post-thumbnail","hentry","category-destaque","category-eventos","category-jundiai","category-lazer","category-noticias"],"_links":{"self":[{"href":"https:\/\/tvtecjundiai.com.br\/news\/wp-json\/wp\/v2\/posts\/136099","targetHints":{"allow":["GET"]}}],"collection":[{"href":"https:\/\/tvtecjundiai.com.br\/news\/wp-json\/wp\/v2\/posts"}],"about":[{"href":"https:\/\/tvtecjundiai.com.br\/news\/wp-json\/wp\/v2\/types\/post"}],"author":[{"embeddable":true,"href":"https:\/\/tvtecjundiai.com.br\/news\/wp-json\/wp\/v2\/users\/24"}],"replies":[{"embeddable":true,"href":"https:\/\/tvtecjundiai.com.br\/news\/wp-json\/wp\/v2\/comments?post=136099"}],"version-history":[{"count":2,"href":"https:\/\/tvtecjundiai.com.br\/news\/wp-json\/wp\/v2\/posts\/136099\/revisions"}],"predecessor-version":[{"id":136103,"href":"https:\/\/tvtecjundiai.com.br\/news\/wp-json\/wp\/v2\/posts\/136099\/revisions\/136103"}],"wp:featuredmedia":[{"embeddable":true,"href":"https:\/\/tvtecjundiai.com.br\/news\/wp-json\/wp\/v2\/media\/136101"}],"wp:attachment":[{"href":"https:\/\/tvtecjundiai.com.br\/news\/wp-json\/wp\/v2\/media?parent=136099"}],"wp:term":[{"taxonomy":"category","embeddable":true,"href":"https:\/\/tvtecjundiai.com.br\/news\/wp-json\/wp\/v2\/categories?post=136099"},{"taxonomy":"post_tag","embeddable":true,"href":"https:\/\/tvtecjundiai.com.br\/news\/wp-json\/wp\/v2\/tags?post=136099"}],"curies":[{"name":"wp","href":"https:\/\/api.w.org\/{rel}","templated":true}]}}