{"id":136104,"date":"2026-04-28T10:19:18","date_gmt":"2026-04-28T13:19:18","guid":{"rendered":"https:\/\/tvtecjundiai.com.br\/news\/?p=136104"},"modified":"2026-04-28T10:19:18","modified_gmt":"2026-04-28T13:19:18","slug":"esporte-em-30-estreia-nesta-quinta-feira-na-tvtec-jundiai","status":"publish","type":"post","link":"https:\/\/tvtecjundiai.com.br\/news\/2026\/04\/28\/esporte-em-30-estreia-nesta-quinta-feira-na-tvtec-jundiai\/","title":{"rendered":"Esporte em 30 estreia nesta quinta-feira na TVTEC Jundia\u00ed"},"content":{"rendered":"\n<p>Nesta quinta-feira, 30 de abril, \u00e0s 19h, a TVTEC Jundia\u00ed estreia o programa \u201cEsporte em 30\u201d. Sob o comando de Rivelino Teixeira, a atra\u00e7\u00e3o \u00e9 um mergulho nost\u00e1lgico que celebra os 30 anos de hist\u00f3ria da emissora.<\/p>\n\n\n\n<figure class=\"wp-block-image size-full\"><img loading=\"lazy\" decoding=\"async\" width=\"1200\" height=\"896\" src=\"https:\/\/tvtecjundiai.com.br\/news\/wp-content\/uploads\/sites\/2\/2026\/04\/Gemini_Generated_Image_k8f5xsk8f5xsk8f5.png\" alt=\"\" class=\"wp-image-136109\" srcset=\"https:\/\/tvtecjundiai.com.br\/news\/wp-content\/uploads\/sites\/2\/2026\/04\/Gemini_Generated_Image_k8f5xsk8f5xsk8f5.png 1200w, https:\/\/tvtecjundiai.com.br\/news\/wp-content\/uploads\/sites\/2\/2026\/04\/Gemini_Generated_Image_k8f5xsk8f5xsk8f5-300x224.png 300w, https:\/\/tvtecjundiai.com.br\/news\/wp-content\/uploads\/sites\/2\/2026\/04\/Gemini_Generated_Image_k8f5xsk8f5xsk8f5-768x573.png 768w\" sizes=\"auto, (max-width: 1200px) 100vw, 1200px\" \/><figcaption class=\"wp-element-caption\">O programa de estreia contar\u00e1 com a participa\u00e7\u00e3o do jornalista M\u00e1rcio Teixeira e do estagi\u00e1rio de jornalismo C\u00e9sar Luz<\/figcaption><\/figure>\n\n\n\n<p><\/p>\n\n\n\n<p>Sobre a proposta do projeto, Rivelino destaca:<\/p>\n\n\n\n<p>\u201cO objetivo do Esporte em 30 \u00e9 justamente valorizar a trajet\u00f3ria dos \u00faltimos 30 anos da TV e as grandes entrevistas que foram realizadas aqui e est\u00e3o guardadas em nosso arquivo.\u201d<\/p>\n\n\n\n<figure class=\"wp-block-image size-full\"><img loading=\"lazy\" decoding=\"async\" width=\"1200\" height=\"896\" src=\"https:\/\/tvtecjundiai.com.br\/news\/wp-content\/uploads\/sites\/2\/2026\/04\/Gemini_Generated_Image_97jqqp97jqqp97jq.png\" alt=\"\" class=\"wp-image-136108\" srcset=\"https:\/\/tvtecjundiai.com.br\/news\/wp-content\/uploads\/sites\/2\/2026\/04\/Gemini_Generated_Image_97jqqp97jqqp97jq.png 1200w, https:\/\/tvtecjundiai.com.br\/news\/wp-content\/uploads\/sites\/2\/2026\/04\/Gemini_Generated_Image_97jqqp97jqqp97jq-300x224.png 300w, https:\/\/tvtecjundiai.com.br\/news\/wp-content\/uploads\/sites\/2\/2026\/04\/Gemini_Generated_Image_97jqqp97jqqp97jq-768x573.png 768w\" sizes=\"auto, (max-width: 1200px) 100vw, 1200px\" \/><figcaption class=\"wp-element-caption\">\u00c9 um mergulho nost\u00e1lgico que celebra os 30 anos de hist\u00f3ria da emissora<\/figcaption><\/figure>\n\n\n\n<p><\/p>\n\n\n\n<p>O programa de estreia contar\u00e1 com a participa\u00e7\u00e3o do jornalista M\u00e1rcio Teixeira e do estagi\u00e1rio de jornalismo C\u00e9sar Luz, com exibi\u00e7\u00e3o de arquivos que trazem nomes como o t\u00e9cnico Luiz Felipe Scolari e a ex-jogadora Magic Paula.<\/p>\n\n\n\n<div class=\"wp-block-group is-vertical is-layout-flex wp-container-core-group-is-layout-8cf370e7 wp-block-group-is-layout-flex\">\n<h3 class=\"wp-block-heading\"><strong>Pr\u00f3ximas atra\u00e7\u00f5es<\/strong><\/h3>\n\n\n\n<p>As grava\u00e7\u00f5es seguem em ritmo intenso e, ainda nesta semana, o programa recebe a professora Rita Orsi, atual secret\u00e1ria de Esportes de Jundia\u00ed, em uma participa\u00e7\u00e3o marcada por reflex\u00f5es sobre o cen\u00e1rio esportivo do munic\u00edpio.<\/p>\n<\/div>\n\n\n\n<p>O \u201cEsporte em 30\u201d ser\u00e1 exibido semanalmente, \u00e0s quintas-feiras, \u00e0s 19h, com transmiss\u00e3o simult\u00e2nea pela TVTEC, Facebook e YouTube, ficando dispon\u00edvel nas redes sociais logo ap\u00f3s a exibi\u00e7\u00e3o in\u00e9dita.<\/p>\n\n\n\n<p><\/p>\n\n\n\n<p>Reda\u00e7\u00e3o TVTEC<\/p>\n","protected":false},"excerpt":{"rendered":"<p>Programa estreia nesta quinta-feira (30), \u00e0s 19h, e resgata entrevistas hist\u00f3ricas e momentos marcantes dos 30 anos da TVTEC Jundia\u00ed<\/p>\n","protected":false},"author":24,"featured_media":136110,"comment_status":"closed","ping_status":"0","sticky":false,"template":"","format":"standard","meta":{"footnotes":""},"categories":[29,2827],"tags":[],"class_list":["post-136104","post","type-post","status-publish","format-standard","has-post-thumbnail","hentry","category-destaque","category-esportes-e-lazer"],"_links":{"self":[{"href":"https:\/\/tvtecjundiai.com.br\/news\/wp-json\/wp\/v2\/posts\/136104","targetHints":{"allow":["GET"]}}],"collection":[{"href":"https:\/\/tvtecjundiai.com.br\/news\/wp-json\/wp\/v2\/posts"}],"about":[{"href":"https:\/\/tvtecjundiai.com.br\/news\/wp-json\/wp\/v2\/types\/post"}],"author":[{"embeddable":true,"href":"https:\/\/tvtecjundiai.com.br\/news\/wp-json\/wp\/v2\/users\/24"}],"replies":[{"embeddable":true,"href":"https:\/\/tvtecjundiai.com.br\/news\/wp-json\/wp\/v2\/comments?post=136104"}],"version-history":[{"count":1,"href":"https:\/\/tvtecjundiai.com.br\/news\/wp-json\/wp\/v2\/posts\/136104\/revisions"}],"predecessor-version":[{"id":136111,"href":"https:\/\/tvtecjundiai.com.br\/news\/wp-json\/wp\/v2\/posts\/136104\/revisions\/136111"}],"wp:featuredmedia":[{"embeddable":true,"href":"https:\/\/tvtecjundiai.com.br\/news\/wp-json\/wp\/v2\/media\/136110"}],"wp:attachment":[{"href":"https:\/\/tvtecjundiai.com.br\/news\/wp-json\/wp\/v2\/media?parent=136104"}],"wp:term":[{"taxonomy":"category","embeddable":true,"href":"https:\/\/tvtecjundiai.com.br\/news\/wp-json\/wp\/v2\/categories?post=136104"},{"taxonomy":"post_tag","embeddable":true,"href":"https:\/\/tvtecjundiai.com.br\/news\/wp-json\/wp\/v2\/tags?post=136104"}],"curies":[{"name":"wp","href":"https:\/\/api.w.org\/{rel}","templated":true}]}}