{"id":136112,"date":"2026-04-28T10:42:38","date_gmt":"2026-04-28T13:42:38","guid":{"rendered":"https:\/\/tvtecjundiai.com.br\/news\/?p=136112"},"modified":"2026-04-29T09:31:10","modified_gmt":"2026-04-29T12:31:10","slug":"lojistas-podem-ganhar-premio-em-dinheiro-e-aumentar-as-vendas-com-concurso-de-vitrines","status":"publish","type":"post","link":"https:\/\/tvtecjundiai.com.br\/news\/2026\/04\/28\/lojistas-podem-ganhar-premio-em-dinheiro-e-aumentar-as-vendas-com-concurso-de-vitrines\/","title":{"rendered":"Lojistas podem ganhar pr\u00eamio em dinheiro e aumentar as vendas com concurso de vitrines"},"content":{"rendered":"\n<p>O com\u00e9rcio de Jundia\u00ed vive a expectativa de uma das datas mais importantes do calend\u00e1rio varejista: o Dia das M\u00e3es. Pensando em incentivar a criatividade dos lojistas e impulsionar as vendas nesse per\u00edodo, a CDL Jundia\u00ed, com apoio do Sincomercio Jundia\u00ed e Regi\u00e3o, promove o Concurso de Vitrines \u2013 Dia das M\u00e3es 2026.<\/p>\n\n\n\n<figure class=\"wp-block-image size-full\"><img loading=\"lazy\" decoding=\"async\" width=\"980\" height=\"547\" src=\"https:\/\/tvtecjundiai.com.br\/news\/wp-content\/uploads\/sites\/2\/2026\/04\/WhatsApp-Image-2026-04-27-at-14.09.50.jpeg\" alt=\"\" class=\"wp-image-136113\" srcset=\"https:\/\/tvtecjundiai.com.br\/news\/wp-content\/uploads\/sites\/2\/2026\/04\/WhatsApp-Image-2026-04-27-at-14.09.50.jpeg 980w, https:\/\/tvtecjundiai.com.br\/news\/wp-content\/uploads\/sites\/2\/2026\/04\/WhatsApp-Image-2026-04-27-at-14.09.50-300x167.jpeg 300w, https:\/\/tvtecjundiai.com.br\/news\/wp-content\/uploads\/sites\/2\/2026\/04\/WhatsApp-Image-2026-04-27-at-14.09.50-768x429.jpeg 768w\" sizes=\"auto, (max-width: 980px) 100vw, 980px\" \/><figcaption class=\"wp-element-caption\">CDL Jundia\u00ed e Sincomercio promovem iniciativa com o objetivo de incentivar o com\u00e9rcio local e aproveitar o potencial de vendas do Dia das M\u00e3es<\/figcaption><\/figure>\n\n\n\n<p><\/p>\n\n\n\n<p>A a\u00e7\u00e3o convida os estabelecimentos comerciais a transformarem suas vitrines em verdadeiros atrativos para os consumidores, utilizando estrat\u00e9gias visuais que despertem interesse, emo\u00e7\u00e3o e desejo de compra.<\/p>\n\n\n\n<p>Al\u00e9m de valorizar o com\u00e9rcio local, o concurso representa uma oportunidade concreta para aumentar o fluxo de clientes e se destacar em um momento decisivo para o varejo.<\/p>\n\n\n\n<p>Entre os destaques da premia\u00e7\u00e3o, o primeiro lugar receber\u00e1 pr\u00eamio em dinheiro, al\u00e9m de trof\u00e9u e visibilidade nos canais institucionais da CDL Jundia\u00ed. Segundo e terceiro lugar tamb\u00e9m ter\u00e3o premia\u00e7\u00f5es.<\/p>\n\n\n\n<p>As inscri\u00e7\u00f5es seguem abertas at\u00e9 o dia 3 de maio, e o objetivo \u00e9 reunir lojas de diferentes segmentos em uma competi\u00e7\u00e3o que une criatividade, estrat\u00e9gia e oportunidade de crescimento.<\/p>\n\n\n\n<p>Inscri\u00e7\u00f5es:<a href=\"https:\/\/cdljundiai.com.br\/concurso-de-vitrines\/\" data-type=\"link\" data-id=\"https:\/\/cdljundiai.com.br\/concurso-de-vitrines\/\"> www.cdljundiai.com.br\/concurso-de-vitrines\/<\/a><\/p>\n\n\n\n<p><\/p>\n\n\n\n<p>Fonte \/ Imagem: CDL Jundia\u00ed <\/p>\n","protected":false},"excerpt":{"rendered":"<p>CDL Jundia\u00ed e Sincomercio promovem iniciativa com o objetivo de incentivar o com\u00e9rcio local e aproveitar o potencial de vendas do Dia das M\u00e3es<\/p>\n","protected":false},"author":24,"featured_media":136114,"comment_status":"closed","ping_status":"0","sticky":false,"template":"","format":"standard","meta":{"footnotes":""},"categories":[29,8356],"tags":[],"class_list":["post-136112","post","type-post","status-publish","format-standard","has-post-thumbnail","hentry","category-destaque","category-jundiai"],"_links":{"self":[{"href":"https:\/\/tvtecjundiai.com.br\/news\/wp-json\/wp\/v2\/posts\/136112","targetHints":{"allow":["GET"]}}],"collection":[{"href":"https:\/\/tvtecjundiai.com.br\/news\/wp-json\/wp\/v2\/posts"}],"about":[{"href":"https:\/\/tvtecjundiai.com.br\/news\/wp-json\/wp\/v2\/types\/post"}],"author":[{"embeddable":true,"href":"https:\/\/tvtecjundiai.com.br\/news\/wp-json\/wp\/v2\/users\/24"}],"replies":[{"embeddable":true,"href":"https:\/\/tvtecjundiai.com.br\/news\/wp-json\/wp\/v2\/comments?post=136112"}],"version-history":[{"count":1,"href":"https:\/\/tvtecjundiai.com.br\/news\/wp-json\/wp\/v2\/posts\/136112\/revisions"}],"predecessor-version":[{"id":136115,"href":"https:\/\/tvtecjundiai.com.br\/news\/wp-json\/wp\/v2\/posts\/136112\/revisions\/136115"}],"wp:featuredmedia":[{"embeddable":true,"href":"https:\/\/tvtecjundiai.com.br\/news\/wp-json\/wp\/v2\/media\/136114"}],"wp:attachment":[{"href":"https:\/\/tvtecjundiai.com.br\/news\/wp-json\/wp\/v2\/media?parent=136112"}],"wp:term":[{"taxonomy":"category","embeddable":true,"href":"https:\/\/tvtecjundiai.com.br\/news\/wp-json\/wp\/v2\/categories?post=136112"},{"taxonomy":"post_tag","embeddable":true,"href":"https:\/\/tvtecjundiai.com.br\/news\/wp-json\/wp\/v2\/tags?post=136112"}],"curies":[{"name":"wp","href":"https:\/\/api.w.org\/{rel}","templated":true}]}}