{"id":136116,"date":"2026-04-28T10:45:32","date_gmt":"2026-04-28T13:45:32","guid":{"rendered":"https:\/\/tvtecjundiai.com.br\/news\/?p=136116"},"modified":"2026-04-29T09:30:48","modified_gmt":"2026-04-29T12:30:48","slug":"apae-de-jundiai-realiza-mega-campanha-apaexonados-pelo-planeta","status":"publish","type":"post","link":"https:\/\/tvtecjundiai.com.br\/news\/2026\/04\/28\/apae-de-jundiai-realiza-mega-campanha-apaexonados-pelo-planeta\/","title":{"rendered":"APAE de Jundia\u00ed realiza mega campanha APAExonados pelo Planeta"},"content":{"rendered":"\n<p>A APAE de Jundia\u00ed promove, at\u00e9 o dia 4 de maio, a campanha APAExonados pelo Planeta, uma grande mobiliza\u00e7\u00e3o ambiental por meio do projeto Eletro Solid\u00e1rio. A iniciativa incentiva o descarte correto de equipamentos eletr\u00f4nicos e eletrodom\u00e9sticos, contribuindo para a preserva\u00e7\u00e3o ambiental e o fortalecimento das a\u00e7\u00f5es da entidade.<\/p>\n\n\n\n<p>Alinhada \u00e0 agenda ESG (Ambiental, Social e de Governan\u00e7a), a campanha convida a comunidade, empresas e parceiros a destinarem corretamente materiais em desuso, que muitas vezes ficam esquecidos em resid\u00eancias ou ambientes corporativos. Podem ser doados itens como celulares, computadores, televisores, micro-ondas, geladeiras, al\u00e9m de pilhas e baterias.<\/p>\n\n\n\n<p>Al\u00e9m do impacto ambiental positivo, a a\u00e7\u00e3o tamb\u00e9m gera benef\u00edcios sociais diretos. \u201cOs materiais arrecadados s\u00e3o encaminhados para reciclagem e revertidos em recursos financeiros, que auxiliam na continuidade dos servi\u00e7os prestados pela APAE de Jundia\u00ed nas \u00e1reas de sa\u00fade, educa\u00e7\u00e3o e assist\u00eancia social\u201d, destaca Luciana Fran\u00e7a, coordenadora de capta\u00e7\u00e3o de recursos da entidade.<\/p>\n\n\n\n<p><strong>Como participar<\/strong><\/p>\n\n\n\n<p>Os interessados podem levar seus equipamentos eletr\u00f4nicos at\u00e9 a sede da APAE de Jundia\u00ed at\u00e9 o dia 4 de maio.<\/p>\n\n\n\n<p>A APAE de Jundia\u00ed atende mensalmente cerca de 2 mil pessoas com defici\u00eancia intelectual e transtorno do espectro autista (TEA), promovendo inclus\u00e3o, desenvolvimento e qualidade de vida.<\/p>\n\n\n\n<p>A APAE de Jundia\u00ed fica na rua Francisco Telles, 475, Vila Progresso, de segunda a sexta-feira, das 9h \u00e0s 16h. Mais informa\u00e7\u00f5es pelo telefone (11) 4588-2900.<\/p>\n\n\n\n<p><\/p>\n\n\n\n<p>Fonte \/ Imagem: APAE Jundia\u00ed<\/p>\n","protected":false},"excerpt":{"rendered":"<p>At\u00e9 o dia 4 de maio (sexta-feira) popula\u00e7\u00e3o poder\u00e1 doar equipamentos eletr\u00f4nicos e contribuir com o meio ambiente e a\u00e7\u00f5es sociais<\/p>\n","protected":false},"author":24,"featured_media":136117,"comment_status":"closed","ping_status":"0","sticky":false,"template":"","format":"standard","meta":{"footnotes":""},"categories":[8430,29],"tags":[],"class_list":["post-136116","post","type-post","status-publish","format-standard","has-post-thumbnail","hentry","category-apae","category-destaque"],"_links":{"self":[{"href":"https:\/\/tvtecjundiai.com.br\/news\/wp-json\/wp\/v2\/posts\/136116","targetHints":{"allow":["GET"]}}],"collection":[{"href":"https:\/\/tvtecjundiai.com.br\/news\/wp-json\/wp\/v2\/posts"}],"about":[{"href":"https:\/\/tvtecjundiai.com.br\/news\/wp-json\/wp\/v2\/types\/post"}],"author":[{"embeddable":true,"href":"https:\/\/tvtecjundiai.com.br\/news\/wp-json\/wp\/v2\/users\/24"}],"replies":[{"embeddable":true,"href":"https:\/\/tvtecjundiai.com.br\/news\/wp-json\/wp\/v2\/comments?post=136116"}],"version-history":[{"count":1,"href":"https:\/\/tvtecjundiai.com.br\/news\/wp-json\/wp\/v2\/posts\/136116\/revisions"}],"predecessor-version":[{"id":136118,"href":"https:\/\/tvtecjundiai.com.br\/news\/wp-json\/wp\/v2\/posts\/136116\/revisions\/136118"}],"wp:featuredmedia":[{"embeddable":true,"href":"https:\/\/tvtecjundiai.com.br\/news\/wp-json\/wp\/v2\/media\/136117"}],"wp:attachment":[{"href":"https:\/\/tvtecjundiai.com.br\/news\/wp-json\/wp\/v2\/media?parent=136116"}],"wp:term":[{"taxonomy":"category","embeddable":true,"href":"https:\/\/tvtecjundiai.com.br\/news\/wp-json\/wp\/v2\/categories?post=136116"},{"taxonomy":"post_tag","embeddable":true,"href":"https:\/\/tvtecjundiai.com.br\/news\/wp-json\/wp\/v2\/tags?post=136116"}],"curies":[{"name":"wp","href":"https:\/\/api.w.org\/{rel}","templated":true}]}}