{"id":136119,"date":"2026-04-28T11:36:13","date_gmt":"2026-04-28T14:36:13","guid":{"rendered":"https:\/\/tvtecjundiai.com.br\/news\/?p=136119"},"modified":"2026-04-28T11:36:13","modified_gmt":"2026-04-28T14:36:13","slug":"bandeira-amarela-custo-de-energia-aumentara-em-maio","status":"publish","type":"post","link":"https:\/\/tvtecjundiai.com.br\/news\/2026\/04\/28\/bandeira-amarela-custo-de-energia-aumentara-em-maio\/","title":{"rendered":"Bandeira amarela: custo de energia aumentar\u00e1 em maio"},"content":{"rendered":"\n<p>A Ag\u00eancia Nacional de Energia El\u00e9trica (Aneel) anunciou que a conta de luz ficar\u00e1 mais cara a partir de maio. A bandeira tarif\u00e1ria ser\u00e1 amarela e o valor adicional cobrado a cada 100 kw consumido ser\u00e1 de R$1,885. <\/p>\n\n\n\n<p>A decis\u00e3o foi tomada devido a diminui\u00e7\u00e3o das chuvas neste per\u00edodo que impacta diretamente a gera\u00e7\u00e3o de energia das hidrel\u00e9tricas do pa\u00eds. A solu\u00e7\u00e3o \u00e9 utilizar as termel\u00e9tricas que possuem um alto custo de produ\u00e7\u00e3o e consequentemente elevam o valor da conta.<\/p>\n\n\n\n<p>A Aneel recomenda o uso consciente da energia el\u00e9trica, sem desperd\u00edcios, e&nbsp; ressalta a import\u00e2ncia da colabora\u00e7\u00e3o com a sustentabilidade do setor.<\/p>\n\n\n\n<p><strong><em>M\u00eddias TVTEC Jundia\u00ed<\/em><\/strong><\/p>\n\n\n\n<p><\/p>\n","protected":false},"excerpt":{"rendered":"<p>A Ag\u00eancia Nacional de Energia El\u00e9trica (Aneel) anunciou que a conta de luz ficar\u00e1 mais cara a partir de maio. A bandeira tarif\u00e1ria ser\u00e1 amarela e o valor adicional cobrado a cada 100 kw consumido ser\u00e1 de R$1,885. A decis\u00e3o foi tomada devido a diminui\u00e7\u00e3o das chuvas neste per\u00edodo que impacta diretamente a gera\u00e7\u00e3o de [&hellip;]<\/p>\n","protected":false},"author":45,"featured_media":136120,"comment_status":"closed","ping_status":"0","sticky":false,"template":"","format":"standard","meta":{"footnotes":""},"categories":[29,1],"tags":[],"class_list":["post-136119","post","type-post","status-publish","format-standard","has-post-thumbnail","hentry","category-destaque","category-noticias"],"_links":{"self":[{"href":"https:\/\/tvtecjundiai.com.br\/news\/wp-json\/wp\/v2\/posts\/136119","targetHints":{"allow":["GET"]}}],"collection":[{"href":"https:\/\/tvtecjundiai.com.br\/news\/wp-json\/wp\/v2\/posts"}],"about":[{"href":"https:\/\/tvtecjundiai.com.br\/news\/wp-json\/wp\/v2\/types\/post"}],"author":[{"embeddable":true,"href":"https:\/\/tvtecjundiai.com.br\/news\/wp-json\/wp\/v2\/users\/45"}],"replies":[{"embeddable":true,"href":"https:\/\/tvtecjundiai.com.br\/news\/wp-json\/wp\/v2\/comments?post=136119"}],"version-history":[{"count":1,"href":"https:\/\/tvtecjundiai.com.br\/news\/wp-json\/wp\/v2\/posts\/136119\/revisions"}],"predecessor-version":[{"id":136124,"href":"https:\/\/tvtecjundiai.com.br\/news\/wp-json\/wp\/v2\/posts\/136119\/revisions\/136124"}],"wp:featuredmedia":[{"embeddable":true,"href":"https:\/\/tvtecjundiai.com.br\/news\/wp-json\/wp\/v2\/media\/136120"}],"wp:attachment":[{"href":"https:\/\/tvtecjundiai.com.br\/news\/wp-json\/wp\/v2\/media?parent=136119"}],"wp:term":[{"taxonomy":"category","embeddable":true,"href":"https:\/\/tvtecjundiai.com.br\/news\/wp-json\/wp\/v2\/categories?post=136119"},{"taxonomy":"post_tag","embeddable":true,"href":"https:\/\/tvtecjundiai.com.br\/news\/wp-json\/wp\/v2\/tags?post=136119"}],"curies":[{"name":"wp","href":"https:\/\/api.w.org\/{rel}","templated":true}]}}