{"id":136135,"date":"2026-04-29T13:13:38","date_gmt":"2026-04-29T16:13:38","guid":{"rendered":"https:\/\/tvtecjundiai.com.br\/news\/?p=136135"},"modified":"2026-04-29T13:18:15","modified_gmt":"2026-04-29T16:18:15","slug":"paulista-anuncia-gustavo-almeida-como-novo-tecnico-do-sub-20","status":"publish","type":"post","link":"https:\/\/tvtecjundiai.com.br\/news\/2026\/04\/29\/paulista-anuncia-gustavo-almeida-como-novo-tecnico-do-sub-20\/","title":{"rendered":"Paulista anuncia Gustavo Almeida como novo t\u00e9cnico do Sub-20"},"content":{"rendered":"\n<figure class=\"wp-block-image\"><img decoding=\"async\" src=\"https:\/\/img1.wsimg.com\/isteam\/ip\/d36d640a-37fe-403c-b8e8-54decf467fe6\/gustavo%20almeida%20apresenta%C3%A7%C3%A3o.jpg\/:\/cr=t:0%25,l:0%25,w:100%25,h:100%25\/rs=w:1280\" alt=\"\" \/><\/figure>\n\n\n\n<p>O Paulista Futebol Clube oficializa a contrata\u00e7\u00e3o de&nbsp;<strong>Gustavo de Oliveira Almeida<\/strong>&nbsp;como novo treinador da equipe Sub-20. O profissional chega para comandar a categoria em um momento importante para o clube, marcando a retomada do Sub-20, que volta a fazer parte da estrutura ap\u00f3s um per\u00edodo de inatividade.<\/p>\n\n\n\n<p>Com experi\u00eancia relevante na forma\u00e7\u00e3o de atletas, Gustavo acumula passagens por clubes como Corinthians, Vasco, Palmeiras, Amazonas FC e Cuiab\u00e1, atuando tanto nas categorias de base quanto no futebol profissional. Ao longo de sua trajet\u00f3ria, participou diretamente do desenvolvimento de jogadores que hoje se destacam no cen\u00e1rio nacional e internacional.<\/p>\n\n\n\n<p>Entre os principais atletas revelados e projetados em sua trajet\u00f3ria, destacam-se nomes como&nbsp;<strong>Rayan (Vasco)<\/strong>, negociado com o futebol europeu;&nbsp;<strong>Estev\u00e3o (Palmeiras)<\/strong>, destaque recente e transferido ao Chelsea;&nbsp;<strong>Breno Bidon (Corinthians)<\/strong>, refer\u00eancia na Sele\u00e7\u00e3o Brasileira Sub-20; al\u00e9m de atletas como&nbsp;<strong>Murillo<\/strong>,&nbsp;<strong>Robert Renan<\/strong>&nbsp;e&nbsp;<strong>Pedro<\/strong>, com passagens pela Sele\u00e7\u00e3o Brasileira e atua\u00e7\u00e3o no futebol internacional. Tamb\u00e9m fazem parte desse hist\u00f3rico jogadores como&nbsp;<strong>Thallys<\/strong>&nbsp;e&nbsp;<strong>Luis Pacheco<\/strong>, jovens promessas com grande proje\u00e7\u00e3o no cen\u00e1rio global.<\/p>\n\n\n\n<p>A comiss\u00e3o t\u00e9cnica contar\u00e1 tamb\u00e9m com o auxiliar&nbsp;<strong>Leandro Barboza<\/strong>, profissional com passagens por Ferrovi\u00e1ria (SP), Gr\u00eamio Novorizontino (SP) e Athletico Paranaense (PR), agregando experi\u00eancia e suporte ao trabalho de desenvolvimento dos atletas.<\/p>\n\n\n\n<p>O retorno da categoria sub-20 \u00e9 considerada um dos pilares estrat\u00e9gicos do clube nessa reconstru\u00e7\u00e3o junto \u00e0 SAF da EXA Capital.<\/p>\n\n\n\n<p><\/p>\n\n\n\n<p><strong>Fonte: Paulista FC<\/strong><\/p>\n","protected":false},"excerpt":{"rendered":"<p>Com experi\u00eancia relevante na forma\u00e7\u00e3o de atletas, Gustavo acumula passagens por clubes como Corinthians, Vasco e Palmeiras<\/p>\n","protected":false},"author":24,"featured_media":136136,"comment_status":"closed","ping_status":"0","sticky":false,"template":"","format":"standard","meta":{"footnotes":""},"categories":[29,2827,8428,8356,1],"tags":[],"class_list":["post-136135","post","type-post","status-publish","format-standard","has-post-thumbnail","hentry","category-destaque","category-esportes-e-lazer","category-futebol","category-jundiai","category-noticias"],"_links":{"self":[{"href":"https:\/\/tvtecjundiai.com.br\/news\/wp-json\/wp\/v2\/posts\/136135","targetHints":{"allow":["GET"]}}],"collection":[{"href":"https:\/\/tvtecjundiai.com.br\/news\/wp-json\/wp\/v2\/posts"}],"about":[{"href":"https:\/\/tvtecjundiai.com.br\/news\/wp-json\/wp\/v2\/types\/post"}],"author":[{"embeddable":true,"href":"https:\/\/tvtecjundiai.com.br\/news\/wp-json\/wp\/v2\/users\/24"}],"replies":[{"embeddable":true,"href":"https:\/\/tvtecjundiai.com.br\/news\/wp-json\/wp\/v2\/comments?post=136135"}],"version-history":[{"count":3,"href":"https:\/\/tvtecjundiai.com.br\/news\/wp-json\/wp\/v2\/posts\/136135\/revisions"}],"predecessor-version":[{"id":136139,"href":"https:\/\/tvtecjundiai.com.br\/news\/wp-json\/wp\/v2\/posts\/136135\/revisions\/136139"}],"wp:featuredmedia":[{"embeddable":true,"href":"https:\/\/tvtecjundiai.com.br\/news\/wp-json\/wp\/v2\/media\/136136"}],"wp:attachment":[{"href":"https:\/\/tvtecjundiai.com.br\/news\/wp-json\/wp\/v2\/media?parent=136135"}],"wp:term":[{"taxonomy":"category","embeddable":true,"href":"https:\/\/tvtecjundiai.com.br\/news\/wp-json\/wp\/v2\/categories?post=136135"},{"taxonomy":"post_tag","embeddable":true,"href":"https:\/\/tvtecjundiai.com.br\/news\/wp-json\/wp\/v2\/tags?post=136135"}],"curies":[{"name":"wp","href":"https:\/\/api.w.org\/{rel}","templated":true}]}}