{"id":136140,"date":"2026-04-29T14:37:13","date_gmt":"2026-04-29T17:37:13","guid":{"rendered":"https:\/\/tvtecjundiai.com.br\/news\/?p=136140"},"modified":"2026-04-29T14:37:13","modified_gmt":"2026-04-29T17:37:13","slug":"memorias-poeticas-e-analogicas-propoe-imersao-sensivel-na-obra-de-lui-guimaraes-em-jundiai","status":"publish","type":"post","link":"https:\/\/tvtecjundiai.com.br\/news\/2026\/04\/29\/memorias-poeticas-e-analogicas-propoe-imersao-sensivel-na-obra-de-lui-guimaraes-em-jundiai\/","title":{"rendered":"\u201cMem\u00f3rias Po\u00e9ticas e Anal\u00f3gicas\u201d prop\u00f5e imers\u00e3o sens\u00edvel na obra de Lui Guimar\u00e3es em Jundia\u00ed"},"content":{"rendered":"\n<p>A exposi\u00e7\u00e3o <em>Mem\u00f3rias Po\u00e9ticas e Anal\u00f3gicas<\/em>, do artista Lui Guimar\u00e3es, ser\u00e1 aberta ao p\u00fablico no dia 2 de maio, em Jundia\u00ed. A mostra apresenta uma travessia visual marcada por experimenta\u00e7\u00e3o, mem\u00f3ria e constru\u00e7\u00e3o de narrativas \u00edntimas, reunindo obras, s\u00e9ries, objetos e trabalhos in\u00e9ditos produzidos ao longo dos \u00faltimos anos.<\/p>\n\n\n\n<div class=\"wp-block-columns is-layout-flex wp-container-core-columns-is-layout-9d6595d7 wp-block-columns-is-layout-flex\">\n<div class=\"wp-block-column is-layout-flow wp-block-column-is-layout-flow\">\n<figure class=\"wp-block-image size-large\"><img loading=\"lazy\" decoding=\"async\" width=\"618\" height=\"960\" src=\"https:\/\/tvtecjundiai.com.br\/news\/wp-content\/uploads\/sites\/2\/2026\/04\/Fragil-no02_tamA5-1-618x960.jpg\" alt=\"\" class=\"wp-image-136142\" style=\"aspect-ratio:1;object-fit:cover\" srcset=\"https:\/\/tvtecjundiai.com.br\/news\/wp-content\/uploads\/sites\/2\/2026\/04\/Fragil-no02_tamA5-1-618x960.jpg 618w, https:\/\/tvtecjundiai.com.br\/news\/wp-content\/uploads\/sites\/2\/2026\/04\/Fragil-no02_tamA5-1-300x466.jpg 300w, https:\/\/tvtecjundiai.com.br\/news\/wp-content\/uploads\/sites\/2\/2026\/04\/Fragil-no02_tamA5-1-768x1193.jpg 768w, https:\/\/tvtecjundiai.com.br\/news\/wp-content\/uploads\/sites\/2\/2026\/04\/Fragil-no02_tamA5-1-989x1536.jpg 989w, https:\/\/tvtecjundiai.com.br\/news\/wp-content\/uploads\/sites\/2\/2026\/04\/Fragil-no02_tamA5-1.jpg 1280w\" sizes=\"auto, (max-width: 618px) 100vw, 618px\" \/><\/figure>\n<\/div>\n\n\n\n<div class=\"wp-block-column is-layout-flow wp-block-column-is-layout-flow\">\n<figure class=\"wp-block-image size-large\"><img loading=\"lazy\" decoding=\"async\" width=\"671\" height=\"960\" src=\"https:\/\/tvtecjundiai.com.br\/news\/wp-content\/uploads\/sites\/2\/2026\/04\/OndeestanossaUmaLulik_TamA3-671x960.jpg\" alt=\"\" class=\"wp-image-136143\" style=\"aspect-ratio:1;object-fit:cover\" srcset=\"https:\/\/tvtecjundiai.com.br\/news\/wp-content\/uploads\/sites\/2\/2026\/04\/OndeestanossaUmaLulik_TamA3-671x960.jpg 671w, https:\/\/tvtecjundiai.com.br\/news\/wp-content\/uploads\/sites\/2\/2026\/04\/OndeestanossaUmaLulik_TamA3-300x429.jpg 300w, https:\/\/tvtecjundiai.com.br\/news\/wp-content\/uploads\/sites\/2\/2026\/04\/OndeestanossaUmaLulik_TamA3-768x1099.jpg 768w, https:\/\/tvtecjundiai.com.br\/news\/wp-content\/uploads\/sites\/2\/2026\/04\/OndeestanossaUmaLulik_TamA3-1073x1536.jpg 1073w, https:\/\/tvtecjundiai.com.br\/news\/wp-content\/uploads\/sites\/2\/2026\/04\/OndeestanossaUmaLulik_TamA3.jpg 1280w\" sizes=\"auto, (max-width: 671px) 100vw, 671px\" \/><\/figure>\n<\/div>\n<\/div>\n\n\n\n<p><\/p>\n\n\n\n<p>A abertura acontece \u00e0s 10h30, na Galeria S\u00f4nia Cintra, localizada na Biblioteca Municipal Nelson Foot. A exposi\u00e7\u00e3o segue em cartaz at\u00e9 o dia 29 de maio de 2026, com curadoria de Alex Roch.<\/p>\n\n\n\n<p>A partir de fragmentos de pap\u00e9is, fotografias antigas e recortes de revistas, o artista desenvolve composi\u00e7\u00f5es por meio da colagem, resgatando materialidades que contrastam com a velocidade do ambiente digital contempor\u00e2neo. O gesto artesanal assume papel central na constru\u00e7\u00e3o das obras, refor\u00e7ando uma est\u00e9tica sens\u00edvel e reflexiva.<\/p>\n\n\n\n<p>Entre os destaques est\u00e3o trabalhos ligados \u00e0 trajet\u00f3ria pessoal do artista, como uma obra produzida ainda na inf\u00e2ncia, al\u00e9m de pe\u00e7as marcantes da carreira, incluindo participa\u00e7\u00f5es em projetos relevantes no cen\u00e1rio da colagem.<\/p>\n\n\n\n<p>A programa\u00e7\u00e3o tamb\u00e9m inclui visitas guiadas em diferentes datas: 2 de maio (11h), 9 de maio (10h30), 13 de maio (18h) e 23 de maio (12h), ampliando o acesso do p\u00fablico \u00e0 proposta da mostra.<\/p>\n\n\n\n<p><\/p>\n\n\n\n<p>Al\u00e9m da exposi\u00e7\u00e3o, o projeto conta com atividades especiais em comemora\u00e7\u00e3o ao Dia Mundial da Collage. No dia 9 de maio, ser\u00e1 realizada a oficina \u201cErotismo e Poesia\u201d (18+), das 18h30 \u00e0s 21h, no Espa\u00e7o Cultural Pirilampos. A atividade \u00e9 paga, com vagas limitadas e materiais inclusos.<\/p>\n\n\n\n<p>J\u00e1 no dia 16 de maio, acontece a oficina \u201cMesa Aberta\u201d, das 10h \u00e0s 13h, no Espa\u00e7o da Gibiteca da pr\u00f3pria biblioteca. A participa\u00e7\u00e3o \u00e9 gratuita, com inscri\u00e7\u00f5es no local e vagas limitadas.<\/p>\n\n\n\n<p>Ao reunir produ\u00e7\u00f5es de diferentes momentos, <em>Mem\u00f3rias Po\u00e9ticas e Anal\u00f3gicas<\/em> estabelece conex\u00f5es entre passado e presente, explorando temas como identidade, mem\u00f3ria e visualidades afrodiasp\u00f3ricas e coloniais. A mostra convida o p\u00fablico a desacelerar e se engajar em uma experi\u00eancia contemplativa, ampliando as possibilidades de leitura do fazer art\u00edstico contempor\u00e2neo.<\/p>\n\n\n\n<p><\/p>\n\n\n\n<p>Fonte \/ Imagem: Divulga\u00e7\u00e3o<\/p>\n\n\n\n<p><\/p>\n","protected":false},"excerpt":{"rendered":"<p>Exposi\u00e7\u00e3o do artista Lui Guimar\u00e3es acontece de 2 a 29 de maio, na Biblioteca Municipal Nelson Foot, em Jundia\u00ed, com visitas guiadas e oficinas especiais sobre colagem.<\/p>\n","protected":false},"author":24,"featured_media":136144,"comment_status":"closed","ping_status":"0","sticky":false,"template":"","format":"standard","meta":{"footnotes":""},"categories":[2833,8356],"tags":[],"class_list":["post-136140","post","type-post","status-publish","format-standard","has-post-thumbnail","hentry","category-cultura","category-jundiai"],"_links":{"self":[{"href":"https:\/\/tvtecjundiai.com.br\/news\/wp-json\/wp\/v2\/posts\/136140","targetHints":{"allow":["GET"]}}],"collection":[{"href":"https:\/\/tvtecjundiai.com.br\/news\/wp-json\/wp\/v2\/posts"}],"about":[{"href":"https:\/\/tvtecjundiai.com.br\/news\/wp-json\/wp\/v2\/types\/post"}],"author":[{"embeddable":true,"href":"https:\/\/tvtecjundiai.com.br\/news\/wp-json\/wp\/v2\/users\/24"}],"replies":[{"embeddable":true,"href":"https:\/\/tvtecjundiai.com.br\/news\/wp-json\/wp\/v2\/comments?post=136140"}],"version-history":[{"count":1,"href":"https:\/\/tvtecjundiai.com.br\/news\/wp-json\/wp\/v2\/posts\/136140\/revisions"}],"predecessor-version":[{"id":136145,"href":"https:\/\/tvtecjundiai.com.br\/news\/wp-json\/wp\/v2\/posts\/136140\/revisions\/136145"}],"wp:featuredmedia":[{"embeddable":true,"href":"https:\/\/tvtecjundiai.com.br\/news\/wp-json\/wp\/v2\/media\/136144"}],"wp:attachment":[{"href":"https:\/\/tvtecjundiai.com.br\/news\/wp-json\/wp\/v2\/media?parent=136140"}],"wp:term":[{"taxonomy":"category","embeddable":true,"href":"https:\/\/tvtecjundiai.com.br\/news\/wp-json\/wp\/v2\/categories?post=136140"},{"taxonomy":"post_tag","embeddable":true,"href":"https:\/\/tvtecjundiai.com.br\/news\/wp-json\/wp\/v2\/tags?post=136140"}],"curies":[{"name":"wp","href":"https:\/\/api.w.org\/{rel}","templated":true}]}}