{"id":136146,"date":"2026-04-29T14:46:15","date_gmt":"2026-04-29T17:46:15","guid":{"rendered":"https:\/\/tvtecjundiai.com.br\/news\/?p=136146"},"modified":"2026-04-29T14:46:54","modified_gmt":"2026-04-29T17:46:54","slug":"documentario-teko-pora-estreia-em-jundiai-com-retrato-da-vida-na-aldeia-rio-silveira","status":"publish","type":"post","link":"https:\/\/tvtecjundiai.com.br\/news\/2026\/04\/29\/documentario-teko-pora-estreia-em-jundiai-com-retrato-da-vida-na-aldeia-rio-silveira\/","title":{"rendered":"Document\u00e1rio \u201cTeko Por\u00e3\u201d estreia em Jundia\u00ed com retrato da vida na aldeia Rio Silveira"},"content":{"rendered":"\n<p>O document\u00e1rio <em>Teko Por\u00e3<\/em>, dirigido pela jornalista Luciana Alves e com codire\u00e7\u00e3o do cacique Adolfo Timotio, ser\u00e1 lan\u00e7ado nesta quarta-feira (29), em Jundia\u00ed. A exibi\u00e7\u00e3o acontece das 19h \u00e0s 22h, na Sala de Cinema S\u00e3o Paulo-Minas.<\/p>\n\n\n\n<p>O filme apresenta um retrato contempor\u00e2neo da vida cotidiana na aldeia Rio Silveira e marca o primeiro longa-metragem de Luciana Alves. A produ\u00e7\u00e3o nasce de um processo de escuta, conviv\u00eancia e respeito \u00e0s hist\u00f3rias vividas pela comunidade, trazendo \u00e0 tona narrativas que, muitas vezes, permanecem invisibilizadas.<\/p>\n\n\n\n<p>Mais do que uma estreia, o lan\u00e7amento \u00e9 tratado pelos realizadores como um momento de encontro e partilha com o p\u00fablico. A proposta \u00e9 ampliar o olhar sobre a realidade ind\u00edgena, valorizando suas viv\u00eancias, culturas e perspectivas por meio do audiovisual.<\/p>\n\n\n\n<p>O evento \u00e9 aberto ao p\u00fablico, e os organizadores pedem confirma\u00e7\u00e3o pr\u00e9via de presen\u00e7a via WhatsApp (11) 98179 7440. A iniciativa conta com apoio de programas de incentivo \u00e0 cultura, como o ProAC e a Lei Aldir Blanc, al\u00e9m de parcerias institucionais.<\/p>\n\n\n\n<p>Com uma abordagem sens\u00edvel e comprometida, <em>Teko Por\u00e3<\/em> convida o espectador a refletir sobre identidade, territ\u00f3rio e mem\u00f3ria, refor\u00e7ando a import\u00e2ncia de dar visibilidade \u00e0s hist\u00f3rias e saberes dos povos origin\u00e1rios.<\/p>\n\n\n\n<p><\/p>\n\n\n\n<p>Fonte \/ Imagem: Divulga\u00e7\u00e3o<\/p>\n\n\n\n<p><\/p>\n","protected":false},"excerpt":{"rendered":"<p>A exibi\u00e7\u00e3o acontece das 19h \u00e0s 22h, na Sala de Cinema S\u00e3o Paulo-Minas<\/p>\n","protected":false},"author":24,"featured_media":136148,"comment_status":"open","ping_status":"0","sticky":false,"template":"","format":"standard","meta":{"footnotes":""},"categories":[2833],"tags":[],"class_list":["post-136146","post","type-post","status-publish","format-standard","has-post-thumbnail","hentry","category-cultura"],"_links":{"self":[{"href":"https:\/\/tvtecjundiai.com.br\/news\/wp-json\/wp\/v2\/posts\/136146","targetHints":{"allow":["GET"]}}],"collection":[{"href":"https:\/\/tvtecjundiai.com.br\/news\/wp-json\/wp\/v2\/posts"}],"about":[{"href":"https:\/\/tvtecjundiai.com.br\/news\/wp-json\/wp\/v2\/types\/post"}],"author":[{"embeddable":true,"href":"https:\/\/tvtecjundiai.com.br\/news\/wp-json\/wp\/v2\/users\/24"}],"replies":[{"embeddable":true,"href":"https:\/\/tvtecjundiai.com.br\/news\/wp-json\/wp\/v2\/comments?post=136146"}],"version-history":[{"count":2,"href":"https:\/\/tvtecjundiai.com.br\/news\/wp-json\/wp\/v2\/posts\/136146\/revisions"}],"predecessor-version":[{"id":136150,"href":"https:\/\/tvtecjundiai.com.br\/news\/wp-json\/wp\/v2\/posts\/136146\/revisions\/136150"}],"wp:featuredmedia":[{"embeddable":true,"href":"https:\/\/tvtecjundiai.com.br\/news\/wp-json\/wp\/v2\/media\/136148"}],"wp:attachment":[{"href":"https:\/\/tvtecjundiai.com.br\/news\/wp-json\/wp\/v2\/media?parent=136146"}],"wp:term":[{"taxonomy":"category","embeddable":true,"href":"https:\/\/tvtecjundiai.com.br\/news\/wp-json\/wp\/v2\/categories?post=136146"},{"taxonomy":"post_tag","embeddable":true,"href":"https:\/\/tvtecjundiai.com.br\/news\/wp-json\/wp\/v2\/tags?post=136146"}],"curies":[{"name":"wp","href":"https:\/\/api.w.org\/{rel}","templated":true}]}}