{"id":136151,"date":"2026-04-30T16:00:00","date_gmt":"2026-04-30T19:00:00","guid":{"rendered":"https:\/\/tvtecjundiai.com.br\/news\/?p=136151"},"modified":"2026-04-30T14:42:13","modified_gmt":"2026-04-30T17:42:13","slug":"parque-do-corrupira-e-simbolo-afetivo-para-familia-de-jundiai","status":"publish","type":"post","link":"https:\/\/tvtecjundiai.com.br\/news\/2026\/04\/30\/parque-do-corrupira-e-simbolo-afetivo-para-familia-de-jundiai\/","title":{"rendered":"Parque do Corrupira \u00e9 s\u00edmbolo afetivo para fam\u00edlia de Jundia\u00ed"},"content":{"rendered":"\n<p><em>H\u00e1 20 anos, m\u00e3e e filho participam das programa\u00e7\u00f5es especiais do Dia do Trabalhador&nbsp;<\/em><br><\/p>\n\n\n\n<p style=\"font-size:15px\">O Parque Municipal do Trabalhador ou tamb\u00e9m, Parque do Corrupira, foi inaugurado em 1979 e \u00e9 considerado um dos mais tradicionais de Jundia\u00ed. Para muitos \u00e9 um local nost\u00e1lgico que guarda lembran\u00e7as da inf\u00e2ncia e mem\u00f3rias em fam\u00edlia.&nbsp;<\/p>\n\n\n\n<p style=\"font-size:15px\">Esse \u00e9 o caso de Natalie Roberta Campos Rodrigues e Jo\u00e3o Guilherme Rodrigues, m\u00e3e e filho, que moram h\u00e1 mais de 20 anos no bairro Corrupira e que contaram \u00e0 TVTEC Jundia\u00ed a hist\u00f3ria de amor e carinho que possuem pelo parque.<\/p>\n\n\n<div class=\"wp-block-image\">\n<figure class=\"aligncenter size-large\"><img loading=\"lazy\" decoding=\"async\" width=\"1200\" height=\"871\" src=\"https:\/\/tvtecjundiai.com.br\/news\/wp-content\/uploads\/sites\/2\/2026\/04\/Joao-Guilherme-e-Natalie--1200x871.jpeg\" alt=\"\" class=\"wp-image-136152\" srcset=\"https:\/\/tvtecjundiai.com.br\/news\/wp-content\/uploads\/sites\/2\/2026\/04\/Joao-Guilherme-e-Natalie--1200x871.jpeg 1200w, https:\/\/tvtecjundiai.com.br\/news\/wp-content\/uploads\/sites\/2\/2026\/04\/Joao-Guilherme-e-Natalie--300x218.jpeg 300w, https:\/\/tvtecjundiai.com.br\/news\/wp-content\/uploads\/sites\/2\/2026\/04\/Joao-Guilherme-e-Natalie--768x557.jpeg 768w, https:\/\/tvtecjundiai.com.br\/news\/wp-content\/uploads\/sites\/2\/2026\/04\/Joao-Guilherme-e-Natalie-.jpeg 1280w\" sizes=\"auto, (max-width: 1200px) 100vw, 1200px\" \/><\/figure>\n<\/div>\n\n\n<p class=\"has-text-align-center has-small-font-size\"><em>\u201cSempre vamos ao parque e praticamente todos os anos n\u00f3s participamos das atividades do Dia do Trabalhador\u201d, afirmou Natalie.\/Divulga\u00e7\u00e3o: acervo pessoal.<\/em><\/p>\n\n\n\n<p><\/p>\n\n\n\n<p style=\"font-size:15px\"><strong>Tradi\u00e7\u00e3o familiar<\/strong><\/p>\n\n\n\n<p style=\"font-size:15px\">Ainda quando crian\u00e7a, Natalie frequentava o espa\u00e7o com a fam\u00edlia, aos domingos sua av\u00f3 juntava todos os netos, e os levava para brincar no famoso \u201cFoguet\u00e3o\u201d, antigo brinquedo do parque: \u201cJuntava minha av\u00f3, meus tios, meu pai e meus primos, era o nosso passeio de domingo, uma grande aventura\u201d, relembrou.&nbsp;<\/p>\n\n\n\n<p style=\"font-size:15px\">Natalie morava no bairro do Agapeama, mas quando engravidou de Jo\u00e3o Guilherme resolveu se mudar, se encantou por uma casa no bairro Corrupira, muito pr\u00f3xima ao parque, que a fez reviver as mem\u00f3rias de sua inf\u00e2ncia. Na \u00e9poca o bairro era totalmente rural, poucos moradores e muita tranquilidade, foi neste ambiente que Jo\u00e3o cresceu.&nbsp;<\/p>\n\n\n\n<p style=\"font-size:15px\">Ap\u00f3s alguns anos, Natalie engravidou de seu ca\u00e7ula, Pietro Rodrigues Gobbo. Ela buscou passar para os filhos tudo o que vivenciou quando crian\u00e7a, levava os meninos ao parque sempre que podia para que pudessem se divertir e passar tempo juntos em fam\u00edlia: \u201cForam etapas, primeiro veio o Jo\u00e3o e eu ia passear com ele, depois veio o Pietro e, ent\u00e3o, n\u00f3s tr\u00eas \u00edamos ao parque. Durante a semana eu gostava de fazer caminhada e levava eles, era muito divertido\u201d, relatou a m\u00e3e e Jo\u00e3o completou: \u201cFoi uma \u00e9poca muito boa, eu e o Pietro aproveitamos muito, brinc\u00e1vamos bastante e tom\u00e1vamos sorvete\u201d.&nbsp;<\/p>\n\n\n\n<figure class=\"wp-block-gallery has-nested-images columns-default is-cropped wp-block-gallery-1 is-layout-flex wp-block-gallery-is-layout-flex\">\n<figure class=\"wp-block-image size-large\"><img loading=\"lazy\" decoding=\"async\" width=\"1200\" height=\"675\" data-id=\"136153\" src=\"https:\/\/tvtecjundiai.com.br\/news\/wp-content\/uploads\/sites\/2\/2026\/04\/Joao-crianca-no-parque-1200x675.jpeg\" alt=\"\" class=\"wp-image-136153\" srcset=\"https:\/\/tvtecjundiai.com.br\/news\/wp-content\/uploads\/sites\/2\/2026\/04\/Joao-crianca-no-parque-1200x675.jpeg 1200w, https:\/\/tvtecjundiai.com.br\/news\/wp-content\/uploads\/sites\/2\/2026\/04\/Joao-crianca-no-parque-300x169.jpeg 300w, https:\/\/tvtecjundiai.com.br\/news\/wp-content\/uploads\/sites\/2\/2026\/04\/Joao-crianca-no-parque-768x432.jpeg 768w, https:\/\/tvtecjundiai.com.br\/news\/wp-content\/uploads\/sites\/2\/2026\/04\/Joao-crianca-no-parque.jpeg 1280w\" sizes=\"auto, (max-width: 1200px) 100vw, 1200px\" \/><figcaption class=\"wp-element-caption\"><em>Jo\u00e3o Guilherme, com tr\u00eas anos de idade, em um de seus brinquedos favoritos do parque.\/Divulga\u00e7\u00e3o: acervo pessoal.<\/em><\/figcaption><\/figure>\n\n\n\n<figure class=\"wp-block-image size-large\"><img loading=\"lazy\" decoding=\"async\" width=\"1200\" height=\"900\" data-id=\"136155\" src=\"https:\/\/tvtecjundiai.com.br\/news\/wp-content\/uploads\/sites\/2\/2026\/04\/Joao-Guilherme-e-Pietro-criancas-no-parque-1200x900.jpeg\" alt=\"\" class=\"wp-image-136155\" srcset=\"https:\/\/tvtecjundiai.com.br\/news\/wp-content\/uploads\/sites\/2\/2026\/04\/Joao-Guilherme-e-Pietro-criancas-no-parque-1200x900.jpeg 1200w, https:\/\/tvtecjundiai.com.br\/news\/wp-content\/uploads\/sites\/2\/2026\/04\/Joao-Guilherme-e-Pietro-criancas-no-parque-300x225.jpeg 300w, https:\/\/tvtecjundiai.com.br\/news\/wp-content\/uploads\/sites\/2\/2026\/04\/Joao-Guilherme-e-Pietro-criancas-no-parque-768x576.jpeg 768w, https:\/\/tvtecjundiai.com.br\/news\/wp-content\/uploads\/sites\/2\/2026\/04\/Joao-Guilherme-e-Pietro-criancas-no-parque.jpeg 1280w\" sizes=\"auto, (max-width: 1200px) 100vw, 1200px\" \/><figcaption class=\"wp-element-caption\"><em>Jo\u00e3o Guilherme e Pietro brincando no parque quando crian\u00e7as.\/Divulga\u00e7\u00e3o: acervo pessoal.<\/em><\/figcaption><\/figure>\n<\/figure>\n\n\n\n<p class=\"has-text-align-left has-medium-font-size\"><\/p>\n\n\n\n<p class=\"has-text-align-left\" style=\"font-size:15px\"><strong>Revitaliza\u00e7\u00e3o e reinaugura\u00e7\u00e3o&nbsp;<\/strong><\/p>\n\n\n\n<p style=\"font-size:15px\">Durante os anos em que o parque esteve fechado para revitaliza\u00e7\u00e3o, a fam\u00edlia explicou que o bairro passou por dificuldades, com o movimento baixo, os com\u00e9rcios ficaram sem clientes e alguns fecharam as portas. O parque sempre foi o cart\u00e3o postal do Corrupira, com as pessoas parando de frequentar, a identidade do bairro se perdeu aos poucos.&nbsp;<\/p>\n\n\n\n<p class=\"has-text-align-left\" style=\"font-size:15px\">Com a reinaugura\u00e7\u00e3o isso mudou. Agora, o bairro tem visibilidade, os com\u00e9rcios t\u00eam movimento e a regi\u00e3o voltou \u00e0 vida: \u201cQuando aconteceu o evento de reinaugura\u00e7\u00e3o o bairro parou. Muitas pessoas de Jundia\u00ed e das cidades vizinhas vieram, o parque estava lotado\u201d, disse Jo\u00e3o. \u201cFoi muito gratificante para a gente, principalmente para mim. Como eu frequentava quando crian\u00e7a, eu acompanhei todas as fases e evolu\u00e7\u00e3o do parque, depois da reforma ele est\u00e1 lindo\u201d, Natalie complementou.&nbsp;<\/p>\n\n\n\n<p class=\"has-text-align-left\" style=\"font-size:15px\"><\/p>\n\n\n\n<div class=\"wp-block-media-text is-stacked-on-mobile\"><figure class=\"wp-block-media-text__media\"><img loading=\"lazy\" decoding=\"async\" width=\"768\" height=\"960\" src=\"https:\/\/tvtecjundiai.com.br\/news\/wp-content\/uploads\/sites\/2\/2026\/04\/Programcao-1o-de-maio-768x960.jpeg\" alt=\"\" class=\"wp-image-136156 size-full\" srcset=\"https:\/\/tvtecjundiai.com.br\/news\/wp-content\/uploads\/sites\/2\/2026\/04\/Programcao-1o-de-maio-768x960.jpeg 768w, https:\/\/tvtecjundiai.com.br\/news\/wp-content\/uploads\/sites\/2\/2026\/04\/Programcao-1o-de-maio-300x375.jpeg 300w, https:\/\/tvtecjundiai.com.br\/news\/wp-content\/uploads\/sites\/2\/2026\/04\/Programcao-1o-de-maio.jpeg 1080w\" sizes=\"auto, (max-width: 768px) 100vw, 768px\" \/><\/figure><div class=\"wp-block-media-text__content\">\n<p style=\"font-size:15px\"><strong>Dia do Trabalhador<\/strong><\/p>\n\n\n\n<p style=\"font-size:15px\">Jo\u00e3o relatou que desde pequeno, vai ao parque no Dia do Trabalhador. Todos os anos, ele e sua fam\u00edlia participam das atividades e aproveitam para passar o dia juntos durante o evento. No 1\u00ba de maio, o parque recebe diversas atra\u00e7\u00f5es especiais e neste ano n\u00e3o ser\u00e1 diferente, a programa\u00e7\u00e3o inicia \u00e0s 08h e conta com food trucks, feiras artesanais, o famoso \u201ctrenzinho&#8221; e muito mais.<\/p>\n<\/div><\/div>\n\n\n\n<p><\/p>\n\n\n\n<p style=\"font-size:15px\"><strong>Constru\u00e7\u00e3o de mem\u00f3rias<\/strong><\/p>\n\n\n\n<p style=\"font-size:15px\">Para a fam\u00edlia Rodrigues o Parque do Corrupira \u00e9 muito mais do que apenas um ambiente de lazer e divers\u00e3o, \u00e9 um lugar para relembrar momentos especiais e reviver o passado: \u201c\u00c9 um ambiente para criar mem\u00f3rias e recorda\u00e7\u00f5es de vida. Para quem nunca visitou, recomendo ir\u201d, disse Natalie e Jo\u00e3o concluiu: \u201cPara mim \u00e9 um lugar nost\u00e1lgico, todo mundo deveria ir pelo menos uma vez na vida\u201d.&nbsp;<\/p>\n\n\n\n<p style=\"font-size:15px\"><strong><em>M\u00eddias TVTEC Jundia\u00ed<\/em><\/strong><\/p>\n\n\n\n<p><\/p>\n","protected":false},"excerpt":{"rendered":"<p>H\u00e1 20 anos, m\u00e3e e filho participam das programa\u00e7\u00f5es especiais do Dia do Trabalhador&nbsp; O Parque Municipal do Trabalhador ou tamb\u00e9m, Parque do Corrupira, foi inaugurado em 1979 e \u00e9 considerado um dos mais tradicionais de Jundia\u00ed. Para muitos \u00e9 um local nost\u00e1lgico que guarda lembran\u00e7as da inf\u00e2ncia e mem\u00f3rias em fam\u00edlia.&nbsp; Esse \u00e9 o [&hellip;]<\/p>\n","protected":false},"author":45,"featured_media":136100,"comment_status":"closed","ping_status":"0","sticky":false,"template":"","format":"standard","meta":{"footnotes":""},"categories":[29,1],"tags":[],"class_list":["post-136151","post","type-post","status-publish","format-standard","has-post-thumbnail","hentry","category-destaque","category-noticias"],"_links":{"self":[{"href":"https:\/\/tvtecjundiai.com.br\/news\/wp-json\/wp\/v2\/posts\/136151","targetHints":{"allow":["GET"]}}],"collection":[{"href":"https:\/\/tvtecjundiai.com.br\/news\/wp-json\/wp\/v2\/posts"}],"about":[{"href":"https:\/\/tvtecjundiai.com.br\/news\/wp-json\/wp\/v2\/types\/post"}],"author":[{"embeddable":true,"href":"https:\/\/tvtecjundiai.com.br\/news\/wp-json\/wp\/v2\/users\/45"}],"replies":[{"embeddable":true,"href":"https:\/\/tvtecjundiai.com.br\/news\/wp-json\/wp\/v2\/comments?post=136151"}],"version-history":[{"count":5,"href":"https:\/\/tvtecjundiai.com.br\/news\/wp-json\/wp\/v2\/posts\/136151\/revisions"}],"predecessor-version":[{"id":136202,"href":"https:\/\/tvtecjundiai.com.br\/news\/wp-json\/wp\/v2\/posts\/136151\/revisions\/136202"}],"wp:featuredmedia":[{"embeddable":true,"href":"https:\/\/tvtecjundiai.com.br\/news\/wp-json\/wp\/v2\/media\/136100"}],"wp:attachment":[{"href":"https:\/\/tvtecjundiai.com.br\/news\/wp-json\/wp\/v2\/media?parent=136151"}],"wp:term":[{"taxonomy":"category","embeddable":true,"href":"https:\/\/tvtecjundiai.com.br\/news\/wp-json\/wp\/v2\/categories?post=136151"},{"taxonomy":"post_tag","embeddable":true,"href":"https:\/\/tvtecjundiai.com.br\/news\/wp-json\/wp\/v2\/tags?post=136151"}],"curies":[{"name":"wp","href":"https:\/\/api.w.org\/{rel}","templated":true}]}}