{"id":136158,"date":"2026-04-30T10:00:18","date_gmt":"2026-04-30T13:00:18","guid":{"rendered":"https:\/\/tvtecjundiai.com.br\/news\/?p=136158"},"modified":"2026-04-30T10:00:18","modified_gmt":"2026-04-30T13:00:18","slug":"hospital-sao-vicente-atualiza-horario-de-visitas-no-pronto-socorro-adulto","status":"publish","type":"post","link":"https:\/\/tvtecjundiai.com.br\/news\/2026\/04\/30\/hospital-sao-vicente-atualiza-horario-de-visitas-no-pronto-socorro-adulto\/","title":{"rendered":"Hospital S\u00e3o Vicente atualiza hor\u00e1rio de visitas no Pronto-Socorro Adulto"},"content":{"rendered":"\n<figure class=\"wp-block-image\"><img decoding=\"async\" src=\"https:\/\/mail.google.com\/mail\/u\/0?ui=2&amp;ik=1de69e4b14&amp;attid=0.0.2&amp;permmsgid=msg-f:1863868404446794497&amp;th=19ddca704b201301&amp;view=fimg&amp;fur=ip&amp;permmsgid=msg-f:1863868404446794497&amp;sz=s0-l75-ft&amp;attbid=ANGjdJ-AgetFmmO1PPIXRVBbcBMcqSGrF-NFjEemg5BAmIi92r7Y4cZPE9eSO7TYR3WngEDe-pJqJ-C2OkIVpzACGWu0akSFWMtnWN7JX-Y06ahCpT8PRaXxXzrhbak&amp;disp=emb&amp;zw\" alt=\"\" \/><\/figure>\n\n\n\n<p><\/p>\n\n\n\n<p>A partir de ter\u00e7a-feira, dia 05 de maio, o Hospital de Caridade S\u00e3o Vicente de Paulo (HSV) passar\u00e1 a contar com um novo hor\u00e1rio no fluxo de visitas para pacientes internados no Pronto-Socorro Adulto. Atualmente, as visitas acontecem \u00e0s 15h. Com a mudan\u00e7a, o novo hor\u00e1rio ser\u00e1 \u00e0s 14h30.<\/p>\n\n\n\n<p>A atualiza\u00e7\u00e3o foi pensada para trazer mais organiza\u00e7\u00e3o ao fluxo interno, contribuindo para uma melhor din\u00e2mica das equipes assistenciais e garantindo mais conforto tanto para pacientes quanto para visitantes. Al\u00e9m disso, a medida favorece um ambiente mais acolhedor, com maior previsibilidade e melhor distribui\u00e7\u00e3o dos atendimentos ao longo do per\u00edodo.<\/p>\n\n\n\n<p>Vale ressaltar que, na Sala de Emerg\u00eancia, n\u00e3o haver\u00e1 altera\u00e7\u00e3o: o hor\u00e1rio de visitas permanece o mesmo.<\/p>\n\n\n\n<p><strong><em>Fonte: Assessoria de Comunica\u00e7\u00e3o &#8211; Hospital de Caridade S\u00e3o Vicente de Paulo<\/em><\/strong><\/p>\n","protected":false},"excerpt":{"rendered":"<p>Mudan\u00e7a \u00e9 v\u00e1lida apenas para o Pronto Socorro Adulto, na Sala de Emerg\u00eancia o hor\u00e1rio de visitas permanece o mesmo<\/p>\n","protected":false},"author":24,"featured_media":136159,"comment_status":"closed","ping_status":"0","sticky":false,"template":"","format":"standard","meta":{"footnotes":""},"categories":[2834,29,8431,8356,1,8355],"tags":[],"class_list":["post-136158","post","type-post","status-publish","format-standard","has-post-thumbnail","hentry","category-cidades","category-destaque","category-hospital-sao-vicente","category-jundiai","category-noticias","category-saude-3"],"_links":{"self":[{"href":"https:\/\/tvtecjundiai.com.br\/news\/wp-json\/wp\/v2\/posts\/136158","targetHints":{"allow":["GET"]}}],"collection":[{"href":"https:\/\/tvtecjundiai.com.br\/news\/wp-json\/wp\/v2\/posts"}],"about":[{"href":"https:\/\/tvtecjundiai.com.br\/news\/wp-json\/wp\/v2\/types\/post"}],"author":[{"embeddable":true,"href":"https:\/\/tvtecjundiai.com.br\/news\/wp-json\/wp\/v2\/users\/24"}],"replies":[{"embeddable":true,"href":"https:\/\/tvtecjundiai.com.br\/news\/wp-json\/wp\/v2\/comments?post=136158"}],"version-history":[{"count":1,"href":"https:\/\/tvtecjundiai.com.br\/news\/wp-json\/wp\/v2\/posts\/136158\/revisions"}],"predecessor-version":[{"id":136160,"href":"https:\/\/tvtecjundiai.com.br\/news\/wp-json\/wp\/v2\/posts\/136158\/revisions\/136160"}],"wp:featuredmedia":[{"embeddable":true,"href":"https:\/\/tvtecjundiai.com.br\/news\/wp-json\/wp\/v2\/media\/136159"}],"wp:attachment":[{"href":"https:\/\/tvtecjundiai.com.br\/news\/wp-json\/wp\/v2\/media?parent=136158"}],"wp:term":[{"taxonomy":"category","embeddable":true,"href":"https:\/\/tvtecjundiai.com.br\/news\/wp-json\/wp\/v2\/categories?post=136158"},{"taxonomy":"post_tag","embeddable":true,"href":"https:\/\/tvtecjundiai.com.br\/news\/wp-json\/wp\/v2\/tags?post=136158"}],"curies":[{"name":"wp","href":"https:\/\/api.w.org\/{rel}","templated":true}]}}