{"id":136208,"date":"2026-04-30T14:20:17","date_gmt":"2026-04-30T17:20:17","guid":{"rendered":"https:\/\/tvtecjundiai.com.br\/news\/?p=136208"},"modified":"2026-04-30T14:25:32","modified_gmt":"2026-04-30T17:25:32","slug":"30-de-abril-dia-do-ferroviario-ferrovia-marcou-desenvolvimento-social-e-economico-da-cidade","status":"publish","type":"post","link":"https:\/\/tvtecjundiai.com.br\/news\/2026\/04\/30\/30-de-abril-dia-do-ferroviario-ferrovia-marcou-desenvolvimento-social-e-economico-da-cidade\/","title":{"rendered":"30 de abril, Dia do Ferrovi\u00e1rio: ferrovia marcou desenvolvimento social e econ\u00f4mico da cidade"},"content":{"rendered":"\n<p>A ferrovia de Jundia\u00ed teve in\u00edcio com a constru\u00e7\u00e3o da linha da S\u00e3o Paulo Railway Company, entre 1862 e 1867, ligando o munic\u00edpio ao Porto de Santos, a obra contou com investimentos do Bar\u00e3o de Mau\u00e1 e tinha como principal fun\u00e7\u00e3o a distribui\u00e7\u00e3o do caf\u00e9. Foi inaugurada em 17 de fevereiro de 1867 e impulsionou o crescimento urbano e econ\u00f4mico da regi\u00e3o, al\u00e9m de incentivar a expans\u00e3o da Companhia Paulista de Estradas de Ferro para o interior do estado.<\/p>\n\n\n\n<p>Favorecida pela posi\u00e7\u00e3o estrat\u00e9gica, Jundia\u00ed se consolidou como centro de produ\u00e7\u00e3o e distribui\u00e7\u00e3o. Ao longo do tempo, se tornou um importante polo industrial, a esta\u00e7\u00e3o recebia mercadorias e itens diversos, como jornais e revistas, al\u00e9m do primeiro avi\u00e3o e do primeiro autom\u00f3vel da cidade, transportados por trem.<\/p>\n\n\n\n<p>Entre 1895 e 1902, a esta\u00e7\u00e3o original foi substitu\u00edda por um novo pr\u00e9dio com estruturas de ferro trazidas da Europa. Hoje, o ambiente conta com uma ampla infraestrutura para passageiros, bagagens e funcionamento administrativo.&nbsp;<\/p>\n\n\n\n<p><strong>Museu dos Ferrovi\u00e1rio<\/strong><\/p>\n\n\n\n<p>Jundia\u00ed resgata esse peda\u00e7o da sua hist\u00f3ria no Museu dos Ferrovi\u00e1rios. O espa\u00e7o conta com a exposi\u00e7\u00e3o \u201cFerrovias\u2026muito al\u00e9m dos trilhos\u201d que re\u00fane documentos, fotos, objetos e ambientes interativos que retratam a hist\u00f3ria da ferrovia no mundo, no Brasil e, principalmente, em Jundia\u00ed, tamb\u00e9m destaca a import\u00e2ncia do trem na cultura e na forma\u00e7\u00e3o social da cidade.&nbsp;<\/p>\n\n\n\n<figure class=\"wp-block-gallery has-nested-images columns-default is-cropped wp-block-gallery-1 is-layout-flex wp-block-gallery-is-layout-flex\">\n<figure class=\"wp-block-image size-large\"><img loading=\"lazy\" decoding=\"async\" width=\"1200\" height=\"800\" data-id=\"136211\" src=\"https:\/\/tvtecjundiai.com.br\/news\/wp-content\/uploads\/sites\/2\/2026\/04\/Museu-Ferroviario_fm_-94-1200x800.jpg\" alt=\"\" class=\"wp-image-136211\" srcset=\"https:\/\/tvtecjundiai.com.br\/news\/wp-content\/uploads\/sites\/2\/2026\/04\/Museu-Ferroviario_fm_-94-1200x800.jpg 1200w, https:\/\/tvtecjundiai.com.br\/news\/wp-content\/uploads\/sites\/2\/2026\/04\/Museu-Ferroviario_fm_-94-300x200.jpg 300w, https:\/\/tvtecjundiai.com.br\/news\/wp-content\/uploads\/sites\/2\/2026\/04\/Museu-Ferroviario_fm_-94-768x512.jpg 768w, https:\/\/tvtecjundiai.com.br\/news\/wp-content\/uploads\/sites\/2\/2026\/04\/Museu-Ferroviario_fm_-94.jpg 1280w\" sizes=\"auto, (max-width: 1200px) 100vw, 1200px\" \/><figcaption class=\"wp-element-caption\">Divulga\u00e7\u00e3o: SMCULT<\/figcaption><\/figure>\n\n\n\n<figure class=\"wp-block-image size-large\"><img loading=\"lazy\" decoding=\"async\" width=\"1200\" height=\"800\" data-id=\"136209\" src=\"https:\/\/tvtecjundiai.com.br\/news\/wp-content\/uploads\/sites\/2\/2026\/04\/Museu-Ferroviario_fm_-26-1200x800.jpg\" alt=\"\" class=\"wp-image-136209\" srcset=\"https:\/\/tvtecjundiai.com.br\/news\/wp-content\/uploads\/sites\/2\/2026\/04\/Museu-Ferroviario_fm_-26-1200x800.jpg 1200w, https:\/\/tvtecjundiai.com.br\/news\/wp-content\/uploads\/sites\/2\/2026\/04\/Museu-Ferroviario_fm_-26-300x200.jpg 300w, https:\/\/tvtecjundiai.com.br\/news\/wp-content\/uploads\/sites\/2\/2026\/04\/Museu-Ferroviario_fm_-26-768x512.jpg 768w, https:\/\/tvtecjundiai.com.br\/news\/wp-content\/uploads\/sites\/2\/2026\/04\/Museu-Ferroviario_fm_-26.jpg 1280w\" sizes=\"auto, (max-width: 1200px) 100vw, 1200px\" \/><figcaption class=\"wp-element-caption\">Divulga\u00e7\u00e3o: SMCULT<\/figcaption><\/figure>\n\n\n\n<figure class=\"wp-block-image size-large\"><img loading=\"lazy\" decoding=\"async\" width=\"1200\" height=\"800\" data-id=\"136210\" src=\"https:\/\/tvtecjundiai.com.br\/news\/wp-content\/uploads\/sites\/2\/2026\/04\/Museu-Ferroviario_fm_-14-1200x800.jpg\" alt=\"\" class=\"wp-image-136210\" srcset=\"https:\/\/tvtecjundiai.com.br\/news\/wp-content\/uploads\/sites\/2\/2026\/04\/Museu-Ferroviario_fm_-14-1200x800.jpg 1200w, https:\/\/tvtecjundiai.com.br\/news\/wp-content\/uploads\/sites\/2\/2026\/04\/Museu-Ferroviario_fm_-14-300x200.jpg 300w, https:\/\/tvtecjundiai.com.br\/news\/wp-content\/uploads\/sites\/2\/2026\/04\/Museu-Ferroviario_fm_-14-768x512.jpg 768w, https:\/\/tvtecjundiai.com.br\/news\/wp-content\/uploads\/sites\/2\/2026\/04\/Museu-Ferroviario_fm_-14.jpg 1280w\" sizes=\"auto, (max-width: 1200px) 100vw, 1200px\" \/><figcaption class=\"wp-element-caption\">Divulga\u00e7\u00e3o: SMCULT<\/figcaption><\/figure>\n<\/figure>\n\n\n\n<p><\/p>\n\n\n\n<p><strong>Trem Intercidades&nbsp;<\/strong><\/p>\n\n\n\n<p>O Trem Intercidades, promovido pelo Governo do Estado de S\u00e3o Paulo, tem como objetivo expandir a mobilidade urbana entre as cidades do interior paulista, a iniciativa destaca o avan\u00e7o ferrovi\u00e1rio da regi\u00e3o que foi a pioneira na constru\u00e7\u00e3o de linhas de trens no pa\u00eds. Jundia\u00ed protagoniza o projeto sendo umas das esta\u00e7\u00f5es que ligar\u00e1 Campinas \u00e0 capital paulista.&nbsp;<\/p>\n\n\n\n<p><strong><em>M\u00eddias TVTEC Jundia\u00ed<\/em><\/strong><\/p>\n\n\n\n<p><\/p>\n","protected":false},"excerpt":{"rendered":"<p>A ferrovia de Jundia\u00ed teve in\u00edcio com a constru\u00e7\u00e3o da linha da S\u00e3o Paulo Railway Company, entre 1862 e 1867, ligando o munic\u00edpio ao Porto de Santos, a obra contou com investimentos do Bar\u00e3o de Mau\u00e1 e tinha como principal fun\u00e7\u00e3o a distribui\u00e7\u00e3o do caf\u00e9. Foi inaugurada em 17 de fevereiro de 1867 e impulsionou [&hellip;]<\/p>\n","protected":false},"author":45,"featured_media":136212,"comment_status":"closed","ping_status":"0","sticky":false,"template":"","format":"standard","meta":{"footnotes":""},"categories":[29,1],"tags":[],"class_list":["post-136208","post","type-post","status-publish","format-standard","has-post-thumbnail","hentry","category-destaque","category-noticias"],"_links":{"self":[{"href":"https:\/\/tvtecjundiai.com.br\/news\/wp-json\/wp\/v2\/posts\/136208","targetHints":{"allow":["GET"]}}],"collection":[{"href":"https:\/\/tvtecjundiai.com.br\/news\/wp-json\/wp\/v2\/posts"}],"about":[{"href":"https:\/\/tvtecjundiai.com.br\/news\/wp-json\/wp\/v2\/types\/post"}],"author":[{"embeddable":true,"href":"https:\/\/tvtecjundiai.com.br\/news\/wp-json\/wp\/v2\/users\/45"}],"replies":[{"embeddable":true,"href":"https:\/\/tvtecjundiai.com.br\/news\/wp-json\/wp\/v2\/comments?post=136208"}],"version-history":[{"count":4,"href":"https:\/\/tvtecjundiai.com.br\/news\/wp-json\/wp\/v2\/posts\/136208\/revisions"}],"predecessor-version":[{"id":136216,"href":"https:\/\/tvtecjundiai.com.br\/news\/wp-json\/wp\/v2\/posts\/136208\/revisions\/136216"}],"wp:featuredmedia":[{"embeddable":true,"href":"https:\/\/tvtecjundiai.com.br\/news\/wp-json\/wp\/v2\/media\/136212"}],"wp:attachment":[{"href":"https:\/\/tvtecjundiai.com.br\/news\/wp-json\/wp\/v2\/media?parent=136208"}],"wp:term":[{"taxonomy":"category","embeddable":true,"href":"https:\/\/tvtecjundiai.com.br\/news\/wp-json\/wp\/v2\/categories?post=136208"},{"taxonomy":"post_tag","embeddable":true,"href":"https:\/\/tvtecjundiai.com.br\/news\/wp-json\/wp\/v2\/tags?post=136208"}],"curies":[{"name":"wp","href":"https:\/\/api.w.org\/{rel}","templated":true}]}}