{"id":136253,"date":"2026-05-02T15:40:51","date_gmt":"2026-05-02T18:40:51","guid":{"rendered":"https:\/\/tvtecjundiai.com.br\/news\/?p=136253"},"modified":"2026-05-02T15:40:51","modified_gmt":"2026-05-02T18:40:51","slug":"jundiai-amplia-vacinacao-contra-dengue-para-novos-publicos-a-partir-de-6-de-maio","status":"publish","type":"post","link":"https:\/\/tvtecjundiai.com.br\/news\/2026\/05\/02\/jundiai-amplia-vacinacao-contra-dengue-para-novos-publicos-a-partir-de-6-de-maio\/","title":{"rendered":"Jundia\u00ed amplia vacina\u00e7\u00e3o contra dengue para novos p\u00fablicos a partir de 6 de maio"},"content":{"rendered":"\n<figure class=\"wp-block-image size-large\"><img loading=\"lazy\" decoding=\"async\" width=\"1200\" height=\"801\" src=\"https:\/\/tvtecjundiai.com.br\/news\/wp-content\/uploads\/sites\/2\/2026\/05\/vacinacao_contra_gripe_multivacinacao-3-1-1200x801.jpg\" alt=\"\" class=\"wp-image-136254\" srcset=\"https:\/\/tvtecjundiai.com.br\/news\/wp-content\/uploads\/sites\/2\/2026\/05\/vacinacao_contra_gripe_multivacinacao-3-1-1200x801.jpg 1200w, https:\/\/tvtecjundiai.com.br\/news\/wp-content\/uploads\/sites\/2\/2026\/05\/vacinacao_contra_gripe_multivacinacao-3-1-300x200.jpg 300w, https:\/\/tvtecjundiai.com.br\/news\/wp-content\/uploads\/sites\/2\/2026\/05\/vacinacao_contra_gripe_multivacinacao-3-1-768x512.jpg 768w, https:\/\/tvtecjundiai.com.br\/news\/wp-content\/uploads\/sites\/2\/2026\/05\/vacinacao_contra_gripe_multivacinacao-3-1.jpg 1280w\" sizes=\"auto, (max-width: 1200px) 100vw, 1200px\" \/><\/figure>\n\n\n\n<p>A Prefeitura de Jundia\u00ed anunciou a amplia\u00e7\u00e3o da vacina\u00e7\u00e3o contra a dengue a partir da pr\u00f3xima quarta-feira (6), com a utiliza\u00e7\u00e3o do imunizante desenvolvido pelo Instituto Butantan.<\/p>\n\n\n\n<p>Nesta nova etapa, poder\u00e3o se vacinar trabalhadores da sa\u00fade, com idades entre 18 e 59 anos, tanto da rede p\u00fablica quanto privada, mediante apresenta\u00e7\u00e3o de comprovante de v\u00ednculo profissional. Tamb\u00e9m est\u00e3o inclu\u00eddas pessoas com 59 anos, dentro da faixa et\u00e1ria de 59 anos a 59 anos, 11 meses e 29 dias.<\/p>\n\n\n\n<p>Atualmente, o munic\u00edpio disp\u00f5e de cerca de 1.200 doses e aguarda o envio de novos lotes pelo Minist\u00e9rio da Sa\u00fade. A amplia\u00e7\u00e3o do p\u00fablico representa um avan\u00e7o na estrat\u00e9gia de imuniza\u00e7\u00e3o, mas ainda ocorre de forma limitada devido \u00e0 disponibilidade reduzida.<\/p>\n\n\n\n<p>De acordo com a administra\u00e7\u00e3o municipal, nesta fase est\u00e3o sendo utilizadas doses remanescentes que haviam sido destinadas anteriormente aos p\u00fablicos priorit\u00e1rios da Aten\u00e7\u00e3o Prim\u00e1ria e que n\u00e3o foram totalmente aplicadas.<\/p>\n\n\n\n<p>A Prefeitura informou ainda que j\u00e1 solicitou a reposi\u00e7\u00e3o ao Governo do Estado e deve ampliar a oferta assim que houver a regulariza\u00e7\u00e3o do abastecimento por parte do Minist\u00e9rio da Sa\u00fade.<\/p>\n\n\n\n<p><em>Fonte: Prefeitura de Jundia\u00ed<\/em><\/p>\n","protected":false},"excerpt":{"rendered":"<p>Profissionais da sa\u00fade e pessoas com 59 anos poder\u00e3o receber doses dispon\u00edveis do imunizante do Butantan<\/p>\n","protected":false},"author":24,"featured_media":136254,"comment_status":"closed","ping_status":"0","sticky":false,"template":"","format":"standard","meta":{"footnotes":""},"categories":[29,2839,8355,8417],"tags":[],"class_list":["post-136253","post","type-post","status-publish","format-standard","has-post-thumbnail","hentry","category-destaque","category-saude","category-saude-3","category-vacina"],"_links":{"self":[{"href":"https:\/\/tvtecjundiai.com.br\/news\/wp-json\/wp\/v2\/posts\/136253","targetHints":{"allow":["GET"]}}],"collection":[{"href":"https:\/\/tvtecjundiai.com.br\/news\/wp-json\/wp\/v2\/posts"}],"about":[{"href":"https:\/\/tvtecjundiai.com.br\/news\/wp-json\/wp\/v2\/types\/post"}],"author":[{"embeddable":true,"href":"https:\/\/tvtecjundiai.com.br\/news\/wp-json\/wp\/v2\/users\/24"}],"replies":[{"embeddable":true,"href":"https:\/\/tvtecjundiai.com.br\/news\/wp-json\/wp\/v2\/comments?post=136253"}],"version-history":[{"count":1,"href":"https:\/\/tvtecjundiai.com.br\/news\/wp-json\/wp\/v2\/posts\/136253\/revisions"}],"predecessor-version":[{"id":136255,"href":"https:\/\/tvtecjundiai.com.br\/news\/wp-json\/wp\/v2\/posts\/136253\/revisions\/136255"}],"wp:featuredmedia":[{"embeddable":true,"href":"https:\/\/tvtecjundiai.com.br\/news\/wp-json\/wp\/v2\/media\/136254"}],"wp:attachment":[{"href":"https:\/\/tvtecjundiai.com.br\/news\/wp-json\/wp\/v2\/media?parent=136253"}],"wp:term":[{"taxonomy":"category","embeddable":true,"href":"https:\/\/tvtecjundiai.com.br\/news\/wp-json\/wp\/v2\/categories?post=136253"},{"taxonomy":"post_tag","embeddable":true,"href":"https:\/\/tvtecjundiai.com.br\/news\/wp-json\/wp\/v2\/tags?post=136253"}],"curies":[{"name":"wp","href":"https:\/\/api.w.org\/{rel}","templated":true}]}}