{"id":1382,"date":"2017-10-04T17:22:40","date_gmt":"2017-10-04T20:22:40","guid":{"rendered":"https:\/\/tvtecjundiai.com.br\/news\/?p=1382"},"modified":"2017-10-04T17:22:40","modified_gmt":"2017-10-04T20:22:40","slug":"cidades-procon-divulga-programacao-da-unidade-movel-para-outubro","status":"publish","type":"post","link":"https:\/\/tvtecjundiai.com.br\/news\/2017\/10\/04\/cidades-procon-divulga-programacao-da-unidade-movel-para-outubro\/","title":{"rendered":"Cidades: Procon divulga programa\u00e7\u00e3o da unidade m\u00f3vel para outubro"},"content":{"rendered":"<p>Criado em julho deste ano, o Procon M\u00f3vel \u00e9 um servi\u00e7o que tem como objetivo principal descentralizar o atendimento oferecido \u00e0 popula\u00e7\u00e3o e, desta forma, ampliar o trabalho realizado pelo \u00f3rg\u00e3o de conscientiza\u00e7\u00e3o e solu\u00e7\u00e3o de problemas nas rela\u00e7\u00f5es de consumo.<\/p>\n<div id=\"attachment_1384\" style=\"width: 474px\" class=\"wp-caption alignright\"><a href=\"https:\/\/tvtecjundiai.com.br\/news\/wp-content\/uploads\/sites\/2\/2017\/10\/05.jpg\"><img loading=\"lazy\" decoding=\"async\" aria-describedby=\"caption-attachment-1384\" class=\"wp-image-1384\" src=\"https:\/\/tvtecjundiai.com.br\/news\/wp-content\/uploads\/sites\/2\/2017\/10\/05-300x198.jpg\" alt=\"\" width=\"464\" height=\"306\" srcset=\"https:\/\/tvtecjundiai.com.br\/news\/wp-content\/uploads\/sites\/2\/2017\/10\/05-300x198.jpg 300w, https:\/\/tvtecjundiai.com.br\/news\/wp-content\/uploads\/sites\/2\/2017\/10\/05-768x506.jpg 768w, https:\/\/tvtecjundiai.com.br\/news\/wp-content\/uploads\/sites\/2\/2017\/10\/05-1200x791.jpg 1200w, https:\/\/tvtecjundiai.com.br\/news\/wp-content\/uploads\/sites\/2\/2017\/10\/05.jpg 1280w\" sizes=\"auto, (max-width: 464px) 100vw, 464px\" \/><\/a><p id=\"caption-attachment-1384\" class=\"wp-caption-text\">Unidade M\u00f3vel do Procon realiza atendimento e orienta\u00e7\u00e3o este m\u00eas no Terminal Vila Rami<\/p><\/div>\n<p><strong>LEIA TAMB\u00c9M:<br \/>\n<a href=\"https:\/\/tvtecjundiai.com.br\/news\/2017\/10\/04\/esportes-prefeitura-entrega-quadra-sintetica-para-a-populacao\/\" target=\"_blank\" rel=\"noopener\">Esportes: Prefeitura entrega quadra sint\u00e9tica para a popula\u00e7\u00e3o<\/a><\/strong><\/p>\n<p>Por meio do programa, os mun\u00edcipes podem apresentar demandas diversas e obter informa\u00e7\u00f5es, conforme explica a coordenadora Gabriela Glinternik. \u201cSeja por meio da utiliza\u00e7\u00e3o de sua unidade m\u00f3vel, seja por meio da participa\u00e7\u00e3o do \u00d3rg\u00e3o em uma s\u00e9rie de eventos e a\u00e7\u00f5es organizadas, nosso foco \u00e9 a conscientiza\u00e7\u00e3o do consumidor e solu\u00e7\u00e3o dos conflitos\u201d, destaca.<\/p>\n<p>Em tr\u00eas sextas-feiras deste m\u00eas de outubro (06, 20 e 27), o Procon M\u00f3vel estar\u00e1 no Terminal Vila Rami, das 10h \u00e0s 16h. Com a utiliza\u00e7\u00e3o da Van e equipe de funcion\u00e1rios, ser\u00e1 realizada orienta\u00e7\u00e3o sobre os direitos do consumidor, atendimento e divulga\u00e7\u00e3o do site\u00a0<a href=\"http:\/\/www.consumidor.gov.br\/\">www.consumidor.gov.br<\/a>.<\/p>\n<p>No s\u00e1bado (7), a unidade estar\u00e1 presente na 1\u00aa Festa da Cidadania, promovida pela Par\u00f3quia Santa Rita de C\u00e1ssia. O \u00f3rg\u00e3o levar\u00e1 uma equipe de funcion\u00e1rios para orienta\u00e7\u00e3o sobre os direitos do consumidor e distribui\u00e7\u00e3o de cartilhas.<\/p>\n<p><em>Fonte: Prefeitura de Jundia\u00ed<\/em><\/p>\n","protected":false},"excerpt":{"rendered":"<p>Ideia \u00e9 ampliar o trabalho realizado pelo \u00f3rg\u00e3o de conscientiza\u00e7\u00e3o e solu\u00e7\u00e3o de problemas<\/p>\n","protected":false},"author":6,"featured_media":1384,"comment_status":"closed","ping_status":"closed","sticky":false,"template":"","format":"standard","meta":{"footnotes":""},"categories":[1],"tags":[800,5,191,354,801],"class_list":["post-1382","post","type-post","status-publish","format-standard","has-post-thumbnail","hentry","category-noticias","tag-gabriela-glinternik","tag-jundiai","tag-procon","tag-procon-jundiai","tag-terminal-vila-rami"],"_links":{"self":[{"href":"https:\/\/tvtecjundiai.com.br\/news\/wp-json\/wp\/v2\/posts\/1382","targetHints":{"allow":["GET"]}}],"collection":[{"href":"https:\/\/tvtecjundiai.com.br\/news\/wp-json\/wp\/v2\/posts"}],"about":[{"href":"https:\/\/tvtecjundiai.com.br\/news\/wp-json\/wp\/v2\/types\/post"}],"author":[{"embeddable":true,"href":"https:\/\/tvtecjundiai.com.br\/news\/wp-json\/wp\/v2\/users\/6"}],"replies":[{"embeddable":true,"href":"https:\/\/tvtecjundiai.com.br\/news\/wp-json\/wp\/v2\/comments?post=1382"}],"version-history":[{"count":1,"href":"https:\/\/tvtecjundiai.com.br\/news\/wp-json\/wp\/v2\/posts\/1382\/revisions"}],"predecessor-version":[{"id":1386,"href":"https:\/\/tvtecjundiai.com.br\/news\/wp-json\/wp\/v2\/posts\/1382\/revisions\/1386"}],"wp:featuredmedia":[{"embeddable":true,"href":"https:\/\/tvtecjundiai.com.br\/news\/wp-json\/wp\/v2\/media\/1384"}],"wp:attachment":[{"href":"https:\/\/tvtecjundiai.com.br\/news\/wp-json\/wp\/v2\/media?parent=1382"}],"wp:term":[{"taxonomy":"category","embeddable":true,"href":"https:\/\/tvtecjundiai.com.br\/news\/wp-json\/wp\/v2\/categories?post=1382"},{"taxonomy":"post_tag","embeddable":true,"href":"https:\/\/tvtecjundiai.com.br\/news\/wp-json\/wp\/v2\/tags?post=1382"}],"curies":[{"name":"wp","href":"https:\/\/api.w.org\/{rel}","templated":true}]}}