{"id":1387,"date":"2017-10-04T17:27:55","date_gmt":"2017-10-04T20:27:55","guid":{"rendered":"https:\/\/tvtecjundiai.com.br\/news\/?p=1387"},"modified":"2017-10-04T17:51:04","modified_gmt":"2017-10-04T20:51:04","slug":"cultura-parque-da-cidade-recebe-espetaculos-e-o-projeto-leitura-no-parque","status":"publish","type":"post","link":"https:\/\/tvtecjundiai.com.br\/news\/2017\/10\/04\/cultura-parque-da-cidade-recebe-espetaculos-e-o-projeto-leitura-no-parque\/","title":{"rendered":"Cultura: Parque da Cidade recebe espet\u00e1culos e o projeto Leitura no Parque"},"content":{"rendered":"<p>Em comemora\u00e7\u00e3o aos Dia das Crian\u00e7as, o Parque da Cidade vai receber diversas atra\u00e7\u00f5es. No pr\u00f3ximo s\u00e1bado e domingo, dias 7 e 8, das 9 \u00e0s 18 horas, a divers\u00e3o fica por conta da Caravanas das Artes, que vai trazer espet\u00e1culos de dan\u00e7a, teatro e cinema, al\u00e9m de oficinas circenses, brinquedos infl\u00e1veis, pipoca e algod\u00e3o doce.<\/p>\n<div id=\"attachment_1388\" style=\"width: 419px\" class=\"wp-caption alignright\"><a href=\"https:\/\/tvtecjundiai.com.br\/news\/wp-content\/uploads\/sites\/2\/2017\/10\/DSC_0165-1-e1507148864826.jpg\"><img loading=\"lazy\" decoding=\"async\" aria-describedby=\"caption-attachment-1388\" class=\"wp-image-1388\" src=\"https:\/\/tvtecjundiai.com.br\/news\/wp-content\/uploads\/sites\/2\/2017\/10\/DSC_0165-1-e1507148864826-300x212.jpg\" alt=\"\" width=\"409\" height=\"289\" srcset=\"https:\/\/tvtecjundiai.com.br\/news\/wp-content\/uploads\/sites\/2\/2017\/10\/DSC_0165-1-e1507148864826-300x212.jpg 300w, https:\/\/tvtecjundiai.com.br\/news\/wp-content\/uploads\/sites\/2\/2017\/10\/DSC_0165-1-e1507148864826-768x543.jpg 768w, https:\/\/tvtecjundiai.com.br\/news\/wp-content\/uploads\/sites\/2\/2017\/10\/DSC_0165-1-e1507148864826-1200x849.jpg 1200w, https:\/\/tvtecjundiai.com.br\/news\/wp-content\/uploads\/sites\/2\/2017\/10\/DSC_0165-1-e1507148864826.jpg 1807w\" sizes=\"auto, (max-width: 409px) 100vw, 409px\" \/><\/a><p id=\"caption-attachment-1388\" class=\"wp-caption-text\">Todas as atividades s\u00e3o gratuitas e abertas ao p\u00fablico<\/p><\/div>\n<p>Tamb\u00e9m nos dias 7 e 8, o Parque da Cidade recebe a Copa S\u00e3o Paulo de Automodelismo Off Road. O evento ocorrer\u00e1 das 7 \u00e0s 17 horas, na pista de Automobilismo Off, e ter\u00e1 uma competi\u00e7\u00e3o amadora de pilotos de r\u00e1dio controlado e Off Road.<\/p>\n<p>Nos mesmos dias, \u00e0s 10 e \u00e0s 14 horas, ser\u00e1 apresentada a pe\u00e7a infantil \u201cO Tr\u00e2nsito e Eu\u201d, do grupo Komedi. A montagem conta a hist\u00f3ria de Lu\u00eds e Renata, duas crian\u00e7as que t\u00eam muita coisa em comum, al\u00e9m da vontade de ver sua cidade organizada e com todos vivendo em paz. Ambos tiveram, em suas fam\u00edlias, experi\u00eancias marcantes provocadas pelo abuso de velocidade e desrespeito \u00e0s leis de tr\u00e2nsito.<\/p>\n<p>No domingo (8), o Parque da Cidade recebe, das 9 \u00e0s 16h30, o projeto Leitura no Parque, promovido pelo Distrito 4590 do Rotary, que busca incentivar a leitura por meio da doa\u00e7\u00e3o de livros. Tamb\u00e9m ser\u00e1 poss\u00edvel entregar livros para o projeto, durante o dia. Al\u00e9m disso, \u00e0s 10 horas, na Pra\u00e7a P\u00f4r-do-Sol, haver\u00e1 Zumba, promovida pela Unidade de Gest\u00e3o de Esporte e Lazer da Prefeitura.<\/p>\n<p>Todas as atividades s\u00e3o gratuitas e abertas ao p\u00fablico. O Parque da Cidade est\u00e1 localizado Rodovia Jo\u00e3o Cereser, Km 66 \u2013 Pinheirinho.<\/p>\n<p><span style=\"color: #000000; font-family: arial, helvetica, sans-serif;\">\u00a0<\/span><\/p>\n","protected":false},"excerpt":{"rendered":"<p>No pr\u00f3ximo s\u00e1bado e domingo, dias 7 e 8, das 9 \u00e0s 18 horas, a divers\u00e3o fica por conta da Caravanas das Artes<\/p>\n","protected":false},"author":8,"featured_media":1388,"comment_status":"closed","ping_status":"closed","sticky":false,"template":"","format":"standard","meta":{"footnotes":""},"categories":[1],"tags":[803,84,802,804,623],"class_list":["post-1387","post","type-post","status-publish","format-standard","has-post-thumbnail","hentry","category-noticias","tag-artes","tag-cultura","tag-dia-das-criancas","tag-leitura-no-parque","tag-parque-da-cidade"],"_links":{"self":[{"href":"https:\/\/tvtecjundiai.com.br\/news\/wp-json\/wp\/v2\/posts\/1387","targetHints":{"allow":["GET"]}}],"collection":[{"href":"https:\/\/tvtecjundiai.com.br\/news\/wp-json\/wp\/v2\/posts"}],"about":[{"href":"https:\/\/tvtecjundiai.com.br\/news\/wp-json\/wp\/v2\/types\/post"}],"author":[{"embeddable":true,"href":"https:\/\/tvtecjundiai.com.br\/news\/wp-json\/wp\/v2\/users\/8"}],"replies":[{"embeddable":true,"href":"https:\/\/tvtecjundiai.com.br\/news\/wp-json\/wp\/v2\/comments?post=1387"}],"version-history":[{"count":4,"href":"https:\/\/tvtecjundiai.com.br\/news\/wp-json\/wp\/v2\/posts\/1387\/revisions"}],"predecessor-version":[{"id":1392,"href":"https:\/\/tvtecjundiai.com.br\/news\/wp-json\/wp\/v2\/posts\/1387\/revisions\/1392"}],"wp:featuredmedia":[{"embeddable":true,"href":"https:\/\/tvtecjundiai.com.br\/news\/wp-json\/wp\/v2\/media\/1388"}],"wp:attachment":[{"href":"https:\/\/tvtecjundiai.com.br\/news\/wp-json\/wp\/v2\/media?parent=1387"}],"wp:term":[{"taxonomy":"category","embeddable":true,"href":"https:\/\/tvtecjundiai.com.br\/news\/wp-json\/wp\/v2\/categories?post=1387"},{"taxonomy":"post_tag","embeddable":true,"href":"https:\/\/tvtecjundiai.com.br\/news\/wp-json\/wp\/v2\/tags?post=1387"}],"curies":[{"name":"wp","href":"https:\/\/api.w.org\/{rel}","templated":true}]}}