{"id":139479,"date":"2026-08-31T08:46:43","date_gmt":"2026-08-31T11:46:43","guid":{"rendered":"https:\/\/tvtecjundiai.com.br\/news\/?p=139479"},"modified":"2026-08-31T08:46:43","modified_gmt":"2026-08-31T11:46:43","slug":"do-vape-a-dependencia-a-geracao-viciada-em-nicotina-sem-nunca-fumar-cigarro","status":"publish","type":"post","link":"https:\/\/tvtecjundiai.com.br\/news\/2026\/08\/31\/do-vape-a-dependencia-a-geracao-viciada-em-nicotina-sem-nunca-fumar-cigarro\/","title":{"rendered":"Do vape \u00e0 depend\u00eancia: a gera\u00e7\u00e3o viciada em nicotina sem nunca fumar cigarro"},"content":{"rendered":"\n<p>Coloridos, aromatizados e frequentemente associados a uma imagem de modernidade, os cigarros eletr\u00f4nicos t\u00eam atra\u00eddo cada vez mais adolescentes e jovens adultos. O que preocupa especialistas \u00e9 que muitos desses usu\u00e1rios nunca tiveram contato com o cigarro convencional, mas j\u00e1 apresentam sinais de depend\u00eancia da nicotina. Segundo dados da Pesquisa Nacional de Sa\u00fade do Escolar (PeNSE) 2024 divulgados pelo Instituto Brasileiro de Geografia e Estat\u00edstica (IBGE), cerca de 29,6% dos estudantes de escolas p\u00fablicas e particulares entre 13 e 17 anos j\u00e1 experimentaram o cigarro eletr\u00f4nico.<\/p>\n\n\n\n<figure class=\"wp-block-image size-large\"><img loading=\"lazy\" decoding=\"async\" width=\"1200\" height=\"800\" src=\"https:\/\/tvtecjundiai.com.br\/news\/wp-content\/uploads\/sites\/2\/2026\/08\/image-1-3-1200x800.png\" alt=\"\" class=\"wp-image-139480\" srcset=\"https:\/\/tvtecjundiai.com.br\/news\/wp-content\/uploads\/sites\/2\/2026\/08\/image-1-3-1200x800.png 1200w, https:\/\/tvtecjundiai.com.br\/news\/wp-content\/uploads\/sites\/2\/2026\/08\/image-1-3-300x200.png 300w, https:\/\/tvtecjundiai.com.br\/news\/wp-content\/uploads\/sites\/2\/2026\/08\/image-1-3-768x512.png 768w, https:\/\/tvtecjundiai.com.br\/news\/wp-content\/uploads\/sites\/2\/2026\/08\/image-1-3.png 1280w\" sizes=\"auto, (max-width: 1200px) 100vw, 1200px\" \/><\/figure>\n\n\n\n<p>De acordo com o pneumologista do Hospital de Caridade S\u00e3o Vicente de Paulo (HSV), Dr. Eduardo Leme, a falsa sensa\u00e7\u00e3o de seguran\u00e7a \u00e9 um dos principais fatores que contribuem para o aumento do consumo. \u201cMuitos jovens acreditam que o cigarro eletr\u00f4nico \u00e9 menos prejudicial porque o vapor produzido n\u00e3o tem o cheiro forte da fuma\u00e7a do cigarro tradicional. No entanto, ele cont\u00e9m subst\u00e2ncias que podem causar irrita\u00e7\u00e3o e inflama\u00e7\u00e3o das vias respirat\u00f3rias, al\u00e9m de expor o organismo a altas concentra\u00e7\u00f5es de nicotina\u201d, explica.<\/p>\n\n\n\n<figure class=\"wp-block-image size-large\"><img loading=\"lazy\" decoding=\"async\" width=\"1200\" height=\"796\" src=\"https:\/\/tvtecjundiai.com.br\/news\/wp-content\/uploads\/sites\/2\/2026\/08\/image-2-3-1200x796.png\" alt=\"\" class=\"wp-image-139481\" srcset=\"https:\/\/tvtecjundiai.com.br\/news\/wp-content\/uploads\/sites\/2\/2026\/08\/image-2-3-1200x796.png 1200w, https:\/\/tvtecjundiai.com.br\/news\/wp-content\/uploads\/sites\/2\/2026\/08\/image-2-3-300x199.png 300w, https:\/\/tvtecjundiai.com.br\/news\/wp-content\/uploads\/sites\/2\/2026\/08\/image-2-3-768x509.png 768w, https:\/\/tvtecjundiai.com.br\/news\/wp-content\/uploads\/sites\/2\/2026\/08\/image-2-3.png 1280w\" sizes=\"auto, (max-width: 1200px) 100vw, 1200px\" \/><\/figure>\n\n\n\n<p>Entre os sintomas mais observados est\u00e3o tosse persistente, falta de ar durante atividades f\u00edsicas, cansa\u00e7o excessivo e agravamento de quadros respirat\u00f3rios j\u00e1 existentes, como asma e rinite. Embora os efeitos de longo prazo ainda estejam sendo estudados, especialistas destacam que os danos \u00e0 sa\u00fade podem come\u00e7ar a aparecer ainda nos primeiros meses de uso, especialmente entre adolescentes, que est\u00e3o em fase de desenvolvimento f\u00edsico.<\/p>\n\n\n\n<p>Al\u00e9m dos impactos no organismo, a depend\u00eancia da nicotina tamb\u00e9m afeta o comportamento e a sa\u00fade emocional dos usu\u00e1rios. Para o psic\u00f3logo do HSV, Vinicius Costa, o&nbsp;<em>vape<\/em>&nbsp;tem se tornado uma porta de entrada para o consumo frequente da subst\u00e2ncia. \u201cPor ser discreto, f\u00e1cil de transportar e muitas vezes visto como algo socialmente aceito, o cigarro eletr\u00f4nico acaba sendo utilizado diversas vezes ao longo do dia. Isso favorece a depend\u00eancia e pode gerar sintomas como irritabilidade, ansiedade e dificuldade de concentra\u00e7\u00e3o quando a pessoa fica sem usar\u201d, afirma.<\/p>\n\n\n\n<figure class=\"wp-block-image size-large\"><img loading=\"lazy\" decoding=\"async\" width=\"1200\" height=\"805\" src=\"https:\/\/tvtecjundiai.com.br\/news\/wp-content\/uploads\/sites\/2\/2026\/08\/image-3-1-1200x805.png\" alt=\"\" class=\"wp-image-139482\" srcset=\"https:\/\/tvtecjundiai.com.br\/news\/wp-content\/uploads\/sites\/2\/2026\/08\/image-3-1-1200x805.png 1200w, https:\/\/tvtecjundiai.com.br\/news\/wp-content\/uploads\/sites\/2\/2026\/08\/image-3-1-300x201.png 300w, https:\/\/tvtecjundiai.com.br\/news\/wp-content\/uploads\/sites\/2\/2026\/08\/image-3-1-768x515.png 768w, https:\/\/tvtecjundiai.com.br\/news\/wp-content\/uploads\/sites\/2\/2026\/08\/image-3-1.png 1280w\" sizes=\"auto, (max-width: 1200px) 100vw, 1200px\" \/><\/figure>\n\n\n\n<p>Outro fator que preocupa os especialistas \u00e9 a naturaliza\u00e7\u00e3o do h\u00e1bito. \u201cDiferentemente das gera\u00e7\u00f5es anteriores, muitos jovens n\u00e3o se identificam como fumantes, mesmo consumindo nicotina diariamente por meio dos dispositivos eletr\u00f4nicos. Essa percep\u00e7\u00e3o reduz a sensa\u00e7\u00e3o de risco e dificulta o reconhecimento da depend\u00eancia, atrasando a busca por orienta\u00e7\u00e3o e tratamento\u201d, aponta Dr. Eduardo.<\/p>\n\n\n\n<p>Diante desse cen\u00e1rio, profissionais de sa\u00fade refor\u00e7am a import\u00e2ncia do di\u00e1logo para conscientizar a popula\u00e7\u00e3o sobre os riscos do cigarro eletr\u00f4nico. Mais do que uma tend\u00eancia passageira, o&nbsp;<em>vape<\/em>&nbsp;tem se consolidado como um desafio de sa\u00fade p\u00fablica, especialmente entre os mais jovens, que podem desenvolver depend\u00eancia sem nunca terem acendido um cigarro convencional.<\/p>\n","protected":false},"excerpt":{"rendered":"<p>Entre os sintomas mais observados est\u00e3o tosse persistente, falta de ar durante atividades f\u00edsicas, cansa\u00e7o excessivo e agravamento de quadros respirat\u00f3rios j\u00e1 existentes, como asma e rinite<\/p>\n","protected":false},"author":46,"featured_media":139482,"comment_status":"closed","ping_status":"0","sticky":false,"template":"","format":"standard","meta":{"footnotes":""},"categories":[29,8431],"tags":[],"class_list":["post-139479","post","type-post","status-publish","format-standard","has-post-thumbnail","hentry","category-destaque","category-hospital-sao-vicente"],"_links":{"self":[{"href":"https:\/\/tvtecjundiai.com.br\/news\/wp-json\/wp\/v2\/posts\/139479","targetHints":{"allow":["GET"]}}],"collection":[{"href":"https:\/\/tvtecjundiai.com.br\/news\/wp-json\/wp\/v2\/posts"}],"about":[{"href":"https:\/\/tvtecjundiai.com.br\/news\/wp-json\/wp\/v2\/types\/post"}],"author":[{"embeddable":true,"href":"https:\/\/tvtecjundiai.com.br\/news\/wp-json\/wp\/v2\/users\/46"}],"replies":[{"embeddable":true,"href":"https:\/\/tvtecjundiai.com.br\/news\/wp-json\/wp\/v2\/comments?post=139479"}],"version-history":[{"count":1,"href":"https:\/\/tvtecjundiai.com.br\/news\/wp-json\/wp\/v2\/posts\/139479\/revisions"}],"predecessor-version":[{"id":139483,"href":"https:\/\/tvtecjundiai.com.br\/news\/wp-json\/wp\/v2\/posts\/139479\/revisions\/139483"}],"wp:featuredmedia":[{"embeddable":true,"href":"https:\/\/tvtecjundiai.com.br\/news\/wp-json\/wp\/v2\/media\/139482"}],"wp:attachment":[{"href":"https:\/\/tvtecjundiai.com.br\/news\/wp-json\/wp\/v2\/media?parent=139479"}],"wp:term":[{"taxonomy":"category","embeddable":true,"href":"https:\/\/tvtecjundiai.com.br\/news\/wp-json\/wp\/v2\/categories?post=139479"},{"taxonomy":"post_tag","embeddable":true,"href":"https:\/\/tvtecjundiai.com.br\/news\/wp-json\/wp\/v2\/tags?post=139479"}],"curies":[{"name":"wp","href":"https:\/\/api.w.org\/{rel}","templated":true}]}}