{"id":139485,"date":"2026-08-31T10:16:22","date_gmt":"2026-08-31T13:16:22","guid":{"rendered":"https:\/\/tvtecjundiai.com.br\/news\/?p=139485"},"modified":"2026-08-31T10:16:22","modified_gmt":"2026-08-31T13:16:22","slug":"programas-impulsionam-producao-abastecimento-e-empreendedorismo-rural","status":"publish","type":"post","link":"https:\/\/tvtecjundiai.com.br\/news\/2026\/08\/31\/programas-impulsionam-producao-abastecimento-e-empreendedorismo-rural\/","title":{"rendered":"Programas impulsionam produ\u00e7\u00e3o, abastecimento e empreendedorismo rural"},"content":{"rendered":"\n<figure class=\"wp-block-image size-large\"><img loading=\"lazy\" decoding=\"async\" width=\"1200\" height=\"801\" src=\"https:\/\/tvtecjundiai.com.br\/news\/wp-content\/uploads\/sites\/2\/2026\/08\/2_edicao_sabores_da_gente_v-76-1280x854-3-1200x801.jpg\" alt=\"\" class=\"wp-image-139488\" srcset=\"https:\/\/tvtecjundiai.com.br\/news\/wp-content\/uploads\/sites\/2\/2026\/08\/2_edicao_sabores_da_gente_v-76-1280x854-3-1200x801.jpg 1200w, https:\/\/tvtecjundiai.com.br\/news\/wp-content\/uploads\/sites\/2\/2026\/08\/2_edicao_sabores_da_gente_v-76-1280x854-3-300x200.jpg 300w, https:\/\/tvtecjundiai.com.br\/news\/wp-content\/uploads\/sites\/2\/2026\/08\/2_edicao_sabores_da_gente_v-76-1280x854-3-768x512.jpg 768w, https:\/\/tvtecjundiai.com.br\/news\/wp-content\/uploads\/sites\/2\/2026\/08\/2_edicao_sabores_da_gente_v-76-1280x854-3.jpg 1280w\" sizes=\"auto, (max-width: 1200px) 100vw, 1200px\" \/><\/figure>\n\n\n\n<p>Jundia\u00ed mant\u00e9m a\u00e7\u00f5es permanentes para fortalecer a produ\u00e7\u00e3o rural e apoiar agricultores e empreendedores do campo. As iniciativas municipais buscam ampliar a comercializa\u00e7\u00e3o dos produtos, incentivar pr\u00e1ticas sustent\u00e1veis e aproximar os produtores da popula\u00e7\u00e3o.<\/p>\n\n\n\n<p>As a\u00e7\u00f5es desenvolvidas pelo munic\u00edpio tamb\u00e9m buscam aproximar diferentes setores da economia e ampliar a visibilidade dos produtos feitos em Jundia\u00ed. Feiras, festivais e eventos realizados ao longo do ano oferecem espa\u00e7os para agricultores, artes\u00e3os e pequenos empreendedores divulgarem seus trabalhos, conquistarem novos consumidores e ampliarem as possibilidades de comercializa\u00e7\u00e3o. Dessa forma, iniciativas como Sabores da Gente, Sexta no Centro e no Pa\u00e7o, Cerveja na Bar\u00e3o e Festival de Inverno contribuem para movimentar a economia local e valorizar os produtores do territ\u00f3rio.<\/p>\n\n\n\n<figure class=\"wp-block-image size-full\"><img loading=\"lazy\" decoding=\"async\" width=\"967\" height=\"539\" src=\"https:\/\/tvtecjundiai.com.br\/news\/wp-content\/uploads\/sites\/2\/2026\/08\/ad91dc85-feira-de-rua.-ft-tania-rego-agencia-brasil.jpeg\" alt=\"\" class=\"wp-image-139489\" srcset=\"https:\/\/tvtecjundiai.com.br\/news\/wp-content\/uploads\/sites\/2\/2026\/08\/ad91dc85-feira-de-rua.-ft-tania-rego-agencia-brasil.jpeg 967w, https:\/\/tvtecjundiai.com.br\/news\/wp-content\/uploads\/sites\/2\/2026\/08\/ad91dc85-feira-de-rua.-ft-tania-rego-agencia-brasil-300x167.jpeg 300w, https:\/\/tvtecjundiai.com.br\/news\/wp-content\/uploads\/sites\/2\/2026\/08\/ad91dc85-feira-de-rua.-ft-tania-rego-agencia-brasil-768x428.jpeg 768w\" sizes=\"auto, (max-width: 967px) 100vw, 967px\" \/><\/figure>\n\n\n\n<p>Os Varej\u00f5es Noturnos e as Feiras do Produtor Rural s\u00e3o importantes para o abastecimento do munic\u00edpio ao aproximarem agricultores e consumidores. Al\u00e9m de criarem espa\u00e7os para a venda direta, as iniciativas ajudam a fortalecer a agricultura familiar e facilitam o acesso da popula\u00e7\u00e3o a alimentos frescos e de qualidade. J\u00e1 o programa Jundia\u00ed Feito \u00e0 M\u00e3o amplia esse trabalho ao incentivar o artesanato local, contribuindo para a gera\u00e7\u00e3o de renda e, ao mesmo tempo, para a preserva\u00e7\u00e3o da cultura e das tradi\u00e7\u00f5es de Jundia\u00ed.<\/p>\n\n\n\n<p>O suporte aos produtores rurais tamb\u00e9m ocorre por meio de iniciativas voltadas \u00e0 forma\u00e7\u00e3o e ao aprimoramento das atividades agr\u00edcolas. A Prefeitura oferece capacita\u00e7\u00f5es, palestras, encontros e orienta\u00e7\u00f5es t\u00e9cnicas, al\u00e9m de incentivar a ado\u00e7\u00e3o de pr\u00e1ticas inovadoras no campo. Um exemplo \u00e9 a Semana do Agricultor, que re\u00fane atividades sobre temas como seguran\u00e7a rural, inova\u00e7\u00e3o, turismo rural, pol\u00edticas p\u00fablicas e compartilhamento de experi\u00eancias, proporcionando aos produtores novos conhecimentos para lidar com as transforma\u00e7\u00f5es e demandas do setor.<\/p>\n\n\n\n<p>Conhecida nacionalmente como Terra da Uva, Jundia\u00ed mant\u00e9m uma extensa \u00e1rea rural, com mais de 190 quil\u00f4metros quadrados de terras cultivadas e aproximadamente mil propriedades em atividade. Al\u00e9m de movimentar a economia por meio da produ\u00e7\u00e3o agr\u00edcola e da gera\u00e7\u00e3o de empregos, esse espa\u00e7o desempenha um papel importante na preserva\u00e7\u00e3o ambiental e na manuten\u00e7\u00e3o da hist\u00f3ria e da cultura local. As propriedades rurais tamb\u00e9m ajudam a manter vivas tradi\u00e7\u00f5es que atravessam gera\u00e7\u00f5es e fazem parte da identidade de Jundia\u00ed.<\/p>\n\n\n\n<p>Fonte\/Imagens : Prefeitura de Jundia\u00ed\/ Ag\u00eancia Brasil<\/p>\n","protected":false},"excerpt":{"rendered":"<p>Iniciativas municipais incentivam a agricultura familiar, ampliam a comercializa\u00e7\u00e3o e valorizam o trabalho no campo.<\/p>\n","protected":false},"author":24,"featured_media":139487,"comment_status":"closed","ping_status":"0","sticky":false,"template":"","format":"standard","meta":{"footnotes":""},"categories":[8358,6272,8426,29],"tags":[],"class_list":["post-139485","post","type-post","status-publish","format-standard","has-post-thumbnail","hentry","category-agricultura","category-agronegocios","category-comercio","category-destaque"],"_links":{"self":[{"href":"https:\/\/tvtecjundiai.com.br\/news\/wp-json\/wp\/v2\/posts\/139485","targetHints":{"allow":["GET"]}}],"collection":[{"href":"https:\/\/tvtecjundiai.com.br\/news\/wp-json\/wp\/v2\/posts"}],"about":[{"href":"https:\/\/tvtecjundiai.com.br\/news\/wp-json\/wp\/v2\/types\/post"}],"author":[{"embeddable":true,"href":"https:\/\/tvtecjundiai.com.br\/news\/wp-json\/wp\/v2\/users\/24"}],"replies":[{"embeddable":true,"href":"https:\/\/tvtecjundiai.com.br\/news\/wp-json\/wp\/v2\/comments?post=139485"}],"version-history":[{"count":1,"href":"https:\/\/tvtecjundiai.com.br\/news\/wp-json\/wp\/v2\/posts\/139485\/revisions"}],"predecessor-version":[{"id":139492,"href":"https:\/\/tvtecjundiai.com.br\/news\/wp-json\/wp\/v2\/posts\/139485\/revisions\/139492"}],"wp:featuredmedia":[{"embeddable":true,"href":"https:\/\/tvtecjundiai.com.br\/news\/wp-json\/wp\/v2\/media\/139487"}],"wp:attachment":[{"href":"https:\/\/tvtecjundiai.com.br\/news\/wp-json\/wp\/v2\/media?parent=139485"}],"wp:term":[{"taxonomy":"category","embeddable":true,"href":"https:\/\/tvtecjundiai.com.br\/news\/wp-json\/wp\/v2\/categories?post=139485"},{"taxonomy":"post_tag","embeddable":true,"href":"https:\/\/tvtecjundiai.com.br\/news\/wp-json\/wp\/v2\/tags?post=139485"}],"curies":[{"name":"wp","href":"https:\/\/api.w.org\/{rel}","templated":true}]}}