{"id":139499,"date":"2026-08-31T13:41:11","date_gmt":"2026-08-31T16:41:11","guid":{"rendered":"https:\/\/tvtecjundiai.com.br\/news\/?p=139499"},"modified":"2026-08-31T13:41:11","modified_gmt":"2026-08-31T16:41:11","slug":"prefeitura-e-dae-jundiai-reforcam-acoes-de-seguranca-durante-obras-do-tic-no-entorno-do-parque-mundo-das-criancas","status":"publish","type":"post","link":"https:\/\/tvtecjundiai.com.br\/news\/2026\/08\/31\/prefeitura-e-dae-jundiai-reforcam-acoes-de-seguranca-durante-obras-do-tic-no-entorno-do-parque-mundo-das-criancas\/","title":{"rendered":"Prefeitura e DAE Jundia\u00ed refor\u00e7am a\u00e7\u00f5es de seguran\u00e7a durante obras do TIC no entorno do Parque Mundo das Crian\u00e7as"},"content":{"rendered":"\n<p>A Prefeitura de Jundia\u00ed e a DAE Jundia\u00ed tem refor\u00e7ado as a\u00e7\u00f5es de seguran\u00e7a para garantir a circula\u00e7\u00e3o organizada e a prote\u00e7\u00e3o de pedestres e ciclistas durante o avan\u00e7o das obras do Trem Intercidades (TIC), na regi\u00e3o conhecida como Prainha, ao lado do Parque Mundo das Crian\u00e7as.<\/p>\n\n\n\n<div class=\"wp-block-columns is-layout-flex wp-container-core-columns-is-layout-9d6595d7 wp-block-columns-is-layout-flex\">\n<div class=\"wp-block-column is-layout-flow wp-block-column-is-layout-flow\">\n<figure class=\"wp-block-image\"><img decoding=\"async\" src=\"https:\/\/jundiai.sp.gov.br\/noticias\/wp-content\/uploads\/sites\/32\/2026\/08\/obras_tic_trens_d-4-1280x854.jpg\" alt=\"\" class=\"wp-image-386959\" \/><\/figure>\n<\/div>\n\n\n\n<div class=\"wp-block-column is-layout-flow wp-block-column-is-layout-flow\">\n<figure class=\"wp-block-image\"><img decoding=\"async\" src=\"https:\/\/jundiai.sp.gov.br\/noticias\/wp-content\/uploads\/sites\/32\/2026\/08\/obras_tic_trens_d-12-1280x854.jpg\" alt=\"\" class=\"wp-image-386960\" \/><\/figure>\n<\/div>\n\n\n\n<div class=\"wp-block-column is-layout-flow wp-block-column-is-layout-flow\">\n<figure class=\"wp-block-image\"><img decoding=\"async\" src=\"https:\/\/jundiai.sp.gov.br\/noticias\/wp-content\/uploads\/sites\/32\/2026\/08\/obras_tic_trens_d-23-1280x854.jpg\" alt=\"\" class=\"wp-image-386961\" \/><\/figure>\n<\/div>\n<\/div>\n\n\n\n<p>As interven\u00e7\u00f5es s\u00e3o realizadas ao lado da Avenida Navarro de Andrade. No local, ser\u00e1 constru\u00eddo um viaduto ferrovi\u00e1rio que permitir\u00e1 a transposi\u00e7\u00e3o das vias destinadas ao transporte de cargas sobre a linha de passageiros. Nesta etapa, as equipes trabalham na prepara\u00e7\u00e3o do terreno e na execu\u00e7\u00e3o das funda\u00e7\u00f5es. Na sequ\u00eancia, ser\u00e3o constru\u00eddos os pilares e as vigas que ir\u00e3o compor a estrutura.<\/p>\n\n\n\n<p>Para acompanhar o andamento dos servi\u00e7os e minimizar os impactos aos frequentadores do parque, a Prefeitura, a DAE e a concession\u00e1ria TIC Trens tem adotado medidas de prote\u00e7\u00e3o e na organiza\u00e7\u00e3o da circula\u00e7\u00e3o na regi\u00e3o.<\/p>\n\n\n\n<p>Na \u00faltima semana, come\u00e7aram a ser instalados tapumes para separar a \u00e1rea de interven\u00e7\u00e3o do espa\u00e7o utilizado pelos frequentadores do Parque. A medida contribui para delimitar o local das obras e ampliar a seguran\u00e7a durante a execu\u00e7\u00e3o dos servi\u00e7os.<\/p>\n\n\n\n<div class=\"wp-block-columns is-layout-flex wp-container-core-columns-is-layout-9d6595d7 wp-block-columns-is-layout-flex\">\n<div class=\"wp-block-column is-layout-flow wp-block-column-is-layout-flow\">\n<figure class=\"wp-block-image\"><img decoding=\"async\" src=\"https:\/\/jundiai.sp.gov.br\/noticias\/wp-content\/uploads\/sites\/32\/2026\/08\/obras_tic_trens_d-4-1280x854.jpg\" alt=\"\" class=\"wp-image-386959\" \/><\/figure>\n<\/div>\n\n\n\n<div class=\"wp-block-column is-layout-flow wp-block-column-is-layout-flow\">\n<figure class=\"wp-block-image\"><img decoding=\"async\" src=\"https:\/\/jundiai.sp.gov.br\/noticias\/wp-content\/uploads\/sites\/32\/2026\/08\/obras_tic_trens_d-12-1280x854.jpg\" alt=\"\" class=\"wp-image-386960\" \/><\/figure>\n<\/div>\n\n\n\n<div class=\"wp-block-column is-layout-flow wp-block-column-is-layout-flow\">\n<figure class=\"wp-block-image\"><img decoding=\"async\" src=\"https:\/\/jundiai.sp.gov.br\/noticias\/wp-content\/uploads\/sites\/32\/2026\/08\/obras_tic_trens_d-23-1280x854.jpg\" alt=\"\" class=\"wp-image-386961\" \/><\/figure>\n<\/div>\n<\/div>\n\n\n\n<p>Tamb\u00e9m est\u00e1 sendo organizado um caminho seguro para pedestres e ciclistas, inclusive na passagem sobre o pontilh\u00e3o da linha f\u00e9rrea, que faz a conex\u00e3o entre o Jardim Bot\u00e2nico e o Parque Mundo das Crian\u00e7as.<\/p>\n\n\n\n<p>As medidas adotadas t\u00eam como objetivo garantir a seguran\u00e7a dos usu\u00e1rios e manter a circula\u00e7\u00e3o organizada enquanto as obras avan\u00e7am, conciliando a execu\u00e7\u00e3o das interven\u00e7\u00f5es com a utiliza\u00e7\u00e3o dos espa\u00e7os p\u00fablicos da regi\u00e3o.<\/p>\n\n\n\n<p><\/p>\n\n\n\n<p>Fonte \/ Imagem: Prefeitura de Jundia\u00ed<\/p>\n\n\n\n<p><\/p>\n","protected":false},"excerpt":{"rendered":"<p>As medidas adotadas t\u00eam como objetivo garantir a seguran\u00e7a dos usu\u00e1rios e manter a circula\u00e7\u00e3o organizada enquanto as obras avan\u00e7am, conciliando a execu\u00e7\u00e3o das interven\u00e7\u00f5es com a utiliza\u00e7\u00e3o dos espa\u00e7os p\u00fablicos da regi\u00e3o<\/p>\n","protected":false},"author":24,"featured_media":139500,"comment_status":"closed","ping_status":"0","sticky":false,"template":"","format":"standard","meta":{"footnotes":""},"categories":[29],"tags":[],"class_list":["post-139499","post","type-post","status-publish","format-standard","has-post-thumbnail","hentry","category-destaque"],"_links":{"self":[{"href":"https:\/\/tvtecjundiai.com.br\/news\/wp-json\/wp\/v2\/posts\/139499","targetHints":{"allow":["GET"]}}],"collection":[{"href":"https:\/\/tvtecjundiai.com.br\/news\/wp-json\/wp\/v2\/posts"}],"about":[{"href":"https:\/\/tvtecjundiai.com.br\/news\/wp-json\/wp\/v2\/types\/post"}],"author":[{"embeddable":true,"href":"https:\/\/tvtecjundiai.com.br\/news\/wp-json\/wp\/v2\/users\/24"}],"replies":[{"embeddable":true,"href":"https:\/\/tvtecjundiai.com.br\/news\/wp-json\/wp\/v2\/comments?post=139499"}],"version-history":[{"count":1,"href":"https:\/\/tvtecjundiai.com.br\/news\/wp-json\/wp\/v2\/posts\/139499\/revisions"}],"predecessor-version":[{"id":139501,"href":"https:\/\/tvtecjundiai.com.br\/news\/wp-json\/wp\/v2\/posts\/139499\/revisions\/139501"}],"wp:featuredmedia":[{"embeddable":true,"href":"https:\/\/tvtecjundiai.com.br\/news\/wp-json\/wp\/v2\/media\/139500"}],"wp:attachment":[{"href":"https:\/\/tvtecjundiai.com.br\/news\/wp-json\/wp\/v2\/media?parent=139499"}],"wp:term":[{"taxonomy":"category","embeddable":true,"href":"https:\/\/tvtecjundiai.com.br\/news\/wp-json\/wp\/v2\/categories?post=139499"},{"taxonomy":"post_tag","embeddable":true,"href":"https:\/\/tvtecjundiai.com.br\/news\/wp-json\/wp\/v2\/tags?post=139499"}],"curies":[{"name":"wp","href":"https:\/\/api.w.org\/{rel}","templated":true}]}}