{"id":139505,"date":"2026-08-31T14:57:48","date_gmt":"2026-08-31T17:57:48","guid":{"rendered":"https:\/\/tvtecjundiai.com.br\/news\/?p=139505"},"modified":"2026-08-31T14:58:54","modified_gmt":"2026-08-31T17:58:54","slug":"jundiai-cria-estrategia-para-impulsionar-empresas-no-exterior","status":"publish","type":"post","link":"https:\/\/tvtecjundiai.com.br\/news\/2026\/08\/31\/jundiai-cria-estrategia-para-impulsionar-empresas-no-exterior\/","title":{"rendered":"Jundia\u00ed cria estrat\u00e9gia para impulsionar empresas no exterior"},"content":{"rendered":"\n<p>Durante o encontro, representantes da Prefeitura, CIESP, Sebrae-SP, ApexBrasil e InvestSP mostraram alternativas para empresas interessadas em ingressar ou ampliar sua presen\u00e7a no mercado externo. Foram apresentados programas e ferramentas gratuitas de apoio ao com\u00e9rcio exterior, al\u00e9m de relatos de empreendedoras que compartilharam os desafios, aprendizados e resultados obtidos ao longo do processo de internacionaliza\u00e7\u00e3o.<\/p>\n\n\n\n<p>O secret\u00e1rio de Desenvolvimento Econ\u00f4mico, Ci\u00eancia e Tecnologia, Humberto Cereser, ressaltou que a Administra\u00e7\u00e3o Municipal busca ampliar a competitividade das empresas da cidade, estimulando a gera\u00e7\u00e3o de empregos e renda e promovendo um crescimento econ\u00f4mico sustent\u00e1vel. Na ocasi\u00e3o, a assessora especial de Coopera\u00e7\u00e3o Internacional, Laura Comparato, apresentou o programa Jundia\u00ed+Internacional e destacou a necessidade de aproximar o poder p\u00fablico, as empresas e institui\u00e7\u00f5es especializadas para facilitar o acesso ao mercado internacional.<\/p>\n\n\n\n<p>Os n\u00fameros mais recentes mostram o crescimento da participa\u00e7\u00e3o da regi\u00e3o no com\u00e9rcio exterior. Entre janeiro e julho de 2026, as exporta\u00e7\u00f5es de Jundia\u00ed e regi\u00e3o alcan\u00e7aram US$ 1,71 bilh\u00e3o, um aumento de 12,2% em compara\u00e7\u00e3o com o mesmo per\u00edodo do ano anterior. No mesmo intervalo, as importa\u00e7\u00f5es totalizaram US$ 5,84 bilh\u00f5es, alta de 11,9%.<\/p>\n\n\n\n<figure class=\"wp-block-image size-large\"><img loading=\"lazy\" decoding=\"async\" width=\"1200\" height=\"801\" src=\"https:\/\/tvtecjundiai.com.br\/news\/wp-content\/uploads\/sites\/2\/2026\/08\/meeting_de_exportacao_ciesp_v-2-1280x854-1-1200x801.jpg\" alt=\"\" class=\"wp-image-139507\" srcset=\"https:\/\/tvtecjundiai.com.br\/news\/wp-content\/uploads\/sites\/2\/2026\/08\/meeting_de_exportacao_ciesp_v-2-1280x854-1-1200x801.jpg 1200w, https:\/\/tvtecjundiai.com.br\/news\/wp-content\/uploads\/sites\/2\/2026\/08\/meeting_de_exportacao_ciesp_v-2-1280x854-1-300x200.jpg 300w, https:\/\/tvtecjundiai.com.br\/news\/wp-content\/uploads\/sites\/2\/2026\/08\/meeting_de_exportacao_ciesp_v-2-1280x854-1-768x512.jpg 768w, https:\/\/tvtecjundiai.com.br\/news\/wp-content\/uploads\/sites\/2\/2026\/08\/meeting_de_exportacao_ciesp_v-2-1280x854-1.jpg 1280w\" sizes=\"auto, (max-width: 1200px) 100vw, 1200px\" \/><\/figure>\n\n\n\n<p>Entre os produtos que mais se destacam nas exporta\u00e7\u00f5es da regi\u00e3o est\u00e3o m\u00e1quinas e instrumentos mec\u00e2nicos, m\u00e1quinas e materiais el\u00e9tricos e itens de perfumaria. Os Estados Unidos, a Argentina e o Chile aparecem entre os principais mercados compradores.<\/p>\n\n\n\n<p>A Prefeitura busca, por meio do Jundia\u00ed+Internacional, facilitar o acesso das empresas locais a informa\u00e7\u00f5es e capacita\u00e7\u00f5es sobre com\u00e9rcio exterior. A iniciativa tamb\u00e9m prev\u00ea a participa\u00e7\u00e3o em eventos e feiras internacionais, rodadas de neg\u00f3cios e miss\u00f5es empresariais, al\u00e9m da aproxima\u00e7\u00e3o com c\u00e2maras de com\u00e9rcio, consulados, ag\u00eancias de fomento e outras institui\u00e7\u00f5es ligadas ao setor.<\/p>\n\n\n\n<p>Al\u00e9m de apoiar a expans\u00e3o dos neg\u00f3cios para outros pa\u00edses, a estrat\u00e9gia inclui a\u00e7\u00f5es para atrair novos investimentos para o munic\u00edpio. O trabalho envolve o atendimento a empresas e investidores e a divulga\u00e7\u00e3o das oportunidades e dos diferenciais de Jundia\u00ed.<\/p>\n\n\n\n<p>Ap\u00f3s o encontro, a Assessoria Especial de Coopera\u00e7\u00e3o Internacional seguir\u00e1 em contato com as institui\u00e7\u00f5es parceiras e auxiliar\u00e1 as empresas interessadas a encontrar os programas e ferramentas de apoio mais adequados para seus projetos de internacionaliza\u00e7\u00e3o.<\/p>\n\n\n\n<p><strong>Fonte: Prefeitura de Jundia\u00ed\/ Fotos: Fot\u00f3grafos PMJ<\/strong><\/p>\n","protected":false},"excerpt":{"rendered":"<p>Jundia\u00ed lan\u00e7ou o Jundia\u00ed+Internacional para apoiar empresas locais interessadas em ampliar sua atua\u00e7\u00e3o no mercado externo, com acesso a capacita\u00e7\u00f5es, orienta\u00e7\u00e3o e novas oportunidades de neg\u00f3cios<\/p>\n","protected":false},"author":24,"featured_media":139506,"comment_status":"closed","ping_status":"0","sticky":false,"template":"","format":"standard","meta":{"footnotes":""},"categories":[8426,29,8362,4665],"tags":[],"class_list":["post-139505","post","type-post","status-publish","format-standard","has-post-thumbnail","hentry","category-comercio","category-destaque","category-empreendedorismo","category-internacional"],"_links":{"self":[{"href":"https:\/\/tvtecjundiai.com.br\/news\/wp-json\/wp\/v2\/posts\/139505","targetHints":{"allow":["GET"]}}],"collection":[{"href":"https:\/\/tvtecjundiai.com.br\/news\/wp-json\/wp\/v2\/posts"}],"about":[{"href":"https:\/\/tvtecjundiai.com.br\/news\/wp-json\/wp\/v2\/types\/post"}],"author":[{"embeddable":true,"href":"https:\/\/tvtecjundiai.com.br\/news\/wp-json\/wp\/v2\/users\/24"}],"replies":[{"embeddable":true,"href":"https:\/\/tvtecjundiai.com.br\/news\/wp-json\/wp\/v2\/comments?post=139505"}],"version-history":[{"count":2,"href":"https:\/\/tvtecjundiai.com.br\/news\/wp-json\/wp\/v2\/posts\/139505\/revisions"}],"predecessor-version":[{"id":139510,"href":"https:\/\/tvtecjundiai.com.br\/news\/wp-json\/wp\/v2\/posts\/139505\/revisions\/139510"}],"wp:featuredmedia":[{"embeddable":true,"href":"https:\/\/tvtecjundiai.com.br\/news\/wp-json\/wp\/v2\/media\/139506"}],"wp:attachment":[{"href":"https:\/\/tvtecjundiai.com.br\/news\/wp-json\/wp\/v2\/media?parent=139505"}],"wp:term":[{"taxonomy":"category","embeddable":true,"href":"https:\/\/tvtecjundiai.com.br\/news\/wp-json\/wp\/v2\/categories?post=139505"},{"taxonomy":"post_tag","embeddable":true,"href":"https:\/\/tvtecjundiai.com.br\/news\/wp-json\/wp\/v2\/tags?post=139505"}],"curies":[{"name":"wp","href":"https:\/\/api.w.org\/{rel}","templated":true}]}}