{"id":139511,"date":"2026-09-01T08:30:00","date_gmt":"2026-09-01T11:30:00","guid":{"rendered":"https:\/\/tvtecjundiai.com.br\/news\/?p=139511"},"modified":"2026-09-01T09:31:33","modified_gmt":"2026-09-01T12:31:33","slug":"dia-do-educador-fisico-uma-profissao-que-vai-muito-alem-do-esporte","status":"publish","type":"post","link":"https:\/\/tvtecjundiai.com.br\/news\/2026\/09\/01\/dia-do-educador-fisico-uma-profissao-que-vai-muito-alem-do-esporte\/","title":{"rendered":"Dia do Educador F\u00edsico: uma profiss\u00e3o que vai muito al\u00e9m do esporte"},"content":{"rendered":"\n<p><em>\u00c0 convite da TVTEC Jundia\u00ed, tr\u00eas profissionais compartilham suas experi\u00eancias e mostram como a profiss\u00e3o contribui para o desenvolvimento esportivo, social, emocional e, tamb\u00e9m, para a qualidade de vida.<\/em><\/p>\n\n\n\n<p>Quando um atleta entra em campo, pisa na quadra, pula na piscina ou se prepara para a largada, o p\u00fablico, geralmente, n\u00e3o observa todo o processo realizado at\u00e9 aquele momento, mas existe um profissional respons\u00e1vel por cada treino, cada vit\u00f3ria e cada conquista.<\/p>\n\n\n\n<p>Neste Dia do Educador F\u00edsico, a TVTEC Jundia\u00ed traz a perspectiva de tr\u00eas convidados: Rita Orsi, Secret\u00e1ria de Esporte e Lazer, Norberto Jos\u00e9 Silva, conhecido como \u201cBorracha\u201d, uma lenda viva do basquete, e Deise Arruda, que h\u00e1 12 anos trabalha com a Educa\u00e7\u00e3o F\u00edsica para al\u00e9m do esporte de rendimento.<\/p>\n\n\n\n<p><strong>Primeira fa\u00edsca esportiva<\/strong><\/p>\n\n\n\n<p>Muitas vezes, o primeiro contato com o esporte \u00e9 na escola, durante as aulas de Educa\u00e7\u00e3o F\u00edsica, em que o professor apresenta diversas modalidades e, alguns alunos, se destacam e tornam-se atletas mirins. Segundo Rita Orsi, o educador f\u00edsico desempenha um importante papel nas categorias de base, ele \u00e9 respons\u00e1vel por despertar a paix\u00e3o esportiva: \u201cAqueles que atuam nas categorias de base, desempenham uma fun\u00e7\u00e3o que vai muito al\u00e9m da prepara\u00e7\u00e3o de treinos. Eles s\u00e3o respons\u00e1veis por transformar todo o potencial daquele jovem atleta em paix\u00e3o, para que ele se dedique ao esporte\u201d.<\/p>\n\n\n\n<p>Para Borracha, que j\u00e1 foi t\u00e9cnico da Sele\u00e7\u00e3o Brasileira Juvenil de Basquete Feminino, o educador f\u00edsico tamb\u00e9m atua na forma\u00e7\u00e3o social: \u201cO principal objetivo de um professor ou t\u00e9cnico \u00e9 formar as pessoas para ter uma vida de qualidade na sociedade, tanto na forma\u00e7\u00e3o quanto no alto rendimento, devemos nos preocupar com princ\u00edpios educacionais, para que o jovem atleta cres\u00e7a sendo uma boa pessoa\u201d.<\/p>\n\n\n\n<p><strong>Limites psicol\u00f3gicos<\/strong><\/p>\n\n\n\n<p>Conforme o desenvolvimento do jovem atleta, uma carreira no esporte come\u00e7a a ser constru\u00edda e, ao mesmo tempo, surgem cobran\u00e7as e press\u00e3o: \u201cChega um momento no esporte que \u00e9 necess\u00e1rio preservar o atleta e isso parte do educador f\u00edsico. Ele \u00e9 quem vai tomar a iniciativa de preservar de les\u00f5es, exposi\u00e7\u00f5es indevidas e garantir seguran\u00e7a ao atleta, mas para isso \u00e9 preciso ter bom senso para que durante esse processo haja di\u00e1logo e comunica\u00e7\u00e3o\u201d, esclareceu a secret\u00e1ria.<\/p>\n\n\n\n<p>Essa preserva\u00e7\u00e3o acontece, principalmente, nas derrotas, em que os limites s\u00e3o testados e a frustra\u00e7\u00e3o vem \u00e0 tona, e \u00e9 nesses momentos que o educador f\u00edsico assume o papel de amigo conselheiro: \u201cO educador f\u00edsico precisa, tamb\u00e9m, se colocar \u00e0 disposi\u00e7\u00e3o daquele atleta nesses momentos, assim, cria-se um v\u00ednculo, em que o treinador se torna um amigo que aconselha\u201d, disse Rita. Borracha tamb\u00e9m segue a mesma linha de pensamento: \u201cMuitas vezes temos que assumir a fun\u00e7\u00e3o de pai, irm\u00e3o ou amigo para suprir as necessidades do atleta e fazer a diferen\u00e7a na forma\u00e7\u00e3o dele\u201d.<\/p>\n\n\n\n<p><strong>Valoriza\u00e7\u00e3o profissional<\/strong><\/p>\n\n\n\n<p>Rita Orsi tamb\u00e9m apresentou o trabalho da Secret\u00e1ria de Esporte e Lazer para a valoriza\u00e7\u00e3o dos educadores f\u00edsicos da cidade \u201cOs educadores f\u00edsicos tamb\u00e9m performam, ent\u00e3o, trabalhamos para reconhecer as entregas deles. Tamb\u00e9m levamos capacita\u00e7\u00e3o, trazemos profissionais para debates, reflex\u00f5es para que o educador tamb\u00e9m se desenvolva, e atrav\u00e9s dos programas p\u00fablicos, como Escola de Esporte, Esporte Maior, PEAMA e Esporte Campe\u00e3o, buscamos tornar esses profissionais os protagonistas na forma\u00e7\u00e3o dos atletas e paratletas de Jundia\u00ed\u201d, explicou.<\/p>\n\n\n\n<p><strong>Para al\u00e9m do esporte<\/strong><\/p>\n\n\n\n<p>Deise Arruda, graduada pela Escola Superior de Educa\u00e7\u00e3o F\u00edsica (ESEF), atua na \u00e1rea h\u00e1 mais de 12 anos, mostrou o outro lado da profiss\u00e3o, que vai muito al\u00e9m da competi\u00e7\u00e3o e rendimento: \u201cA fun\u00e7\u00e3o do educador f\u00edsico vai muito al\u00e9m do esporte e da performance, \u00e9 um profissional que contribui para a sa\u00fade p\u00fablica e qualidade de vida\u201d, esclareceu.<\/p>\n\n\n\n<p>Para ela, a pr\u00e1tica de atividades f\u00edsicas ainda \u00e9 vista apenas como uma quest\u00e3o est\u00e9tica, mas \u00e9 muito mais do que vaidade, pode contribuir para a sa\u00fade mental e no desenvolvimento de h\u00e1bitos mais saud\u00e1veis : \u201cAs pessoas t\u00eam a vis\u00e3o de que as atividades f\u00edsicas contribuem somente para o f\u00edsico e n\u00e3o \u00e9 apenas isso. Elas ajudam na autoestima, melhoram a coordena\u00e7\u00e3o motora e incentivam h\u00e1bitos mais saud\u00e1veis, como uma dieta mais saud\u00e1vel, por exemplo\u201d.<\/p>\n\n\n\n<p><strong>Aprendizados da profiss\u00e3o<\/strong><\/p>\n\n\n\n<p>Mais do que preparar atletas para competi\u00e7\u00f5es, o educador f\u00edsico acompanha trajet\u00f3rias, aconselha e contribui para que cada conquista seja constru\u00edda com paix\u00e3o, planejamento e responsabilidade.<\/p>\n\n\n\n<figure class=\"wp-block-gallery has-nested-images columns-default is-cropped wp-block-gallery-1 is-layout-flex wp-block-gallery-is-layout-flex\">\n<figure class=\"wp-block-image size-large\"><img loading=\"lazy\" decoding=\"async\" width=\"1200\" height=\"907\" data-id=\"139512\" src=\"https:\/\/tvtecjundiai.com.br\/news\/wp-content\/uploads\/sites\/2\/2026\/08\/Rita-Orsi-1200x907.jpeg\" alt=\"\" class=\"wp-image-139512\" srcset=\"https:\/\/tvtecjundiai.com.br\/news\/wp-content\/uploads\/sites\/2\/2026\/08\/Rita-Orsi-1200x907.jpeg 1200w, https:\/\/tvtecjundiai.com.br\/news\/wp-content\/uploads\/sites\/2\/2026\/08\/Rita-Orsi-300x227.jpeg 300w, https:\/\/tvtecjundiai.com.br\/news\/wp-content\/uploads\/sites\/2\/2026\/08\/Rita-Orsi-768x580.jpeg 768w, https:\/\/tvtecjundiai.com.br\/news\/wp-content\/uploads\/sites\/2\/2026\/08\/Rita-Orsi.jpeg 1240w\" sizes=\"auto, (max-width: 1200px) 100vw, 1200px\" \/><figcaption class=\"wp-element-caption\">Rita Orsi<\/figcaption><\/figure>\n\n\n\n<figure class=\"wp-block-image size-large\"><img loading=\"lazy\" decoding=\"async\" width=\"700\" height=\"960\" data-id=\"139513\" src=\"https:\/\/tvtecjundiai.com.br\/news\/wp-content\/uploads\/sites\/2\/2026\/08\/Borracha-700x960.png\" alt=\"\" class=\"wp-image-139513\" srcset=\"https:\/\/tvtecjundiai.com.br\/news\/wp-content\/uploads\/sites\/2\/2026\/08\/Borracha-700x960.png 700w, https:\/\/tvtecjundiai.com.br\/news\/wp-content\/uploads\/sites\/2\/2026\/08\/Borracha-300x411.png 300w, https:\/\/tvtecjundiai.com.br\/news\/wp-content\/uploads\/sites\/2\/2026\/08\/Borracha-768x1053.png 768w, https:\/\/tvtecjundiai.com.br\/news\/wp-content\/uploads\/sites\/2\/2026\/08\/Borracha.png 1071w\" sizes=\"auto, (max-width: 700px) 100vw, 700px\" \/><figcaption class=\"wp-element-caption\">Borracha<\/figcaption><\/figure>\n\n\n\n<figure class=\"wp-block-image size-large\"><img loading=\"lazy\" decoding=\"async\" width=\"960\" height=\"960\" data-id=\"139531\" src=\"https:\/\/tvtecjundiai.com.br\/news\/wp-content\/uploads\/sites\/2\/2026\/09\/Deise-Arruda--960x960.jpg\" alt=\"\" class=\"wp-image-139531\" srcset=\"https:\/\/tvtecjundiai.com.br\/news\/wp-content\/uploads\/sites\/2\/2026\/09\/Deise-Arruda--960x960.jpg 960w, https:\/\/tvtecjundiai.com.br\/news\/wp-content\/uploads\/sites\/2\/2026\/09\/Deise-Arruda--300x300.jpg 300w, https:\/\/tvtecjundiai.com.br\/news\/wp-content\/uploads\/sites\/2\/2026\/09\/Deise-Arruda--100x100.jpg 100w, https:\/\/tvtecjundiai.com.br\/news\/wp-content\/uploads\/sites\/2\/2026\/09\/Deise-Arruda--768x768.jpg 768w, https:\/\/tvtecjundiai.com.br\/news\/wp-content\/uploads\/sites\/2\/2026\/09\/Deise-Arruda-.jpg 1024w\" sizes=\"auto, (max-width: 960px) 100vw, 960px\" \/><figcaption class=\"wp-element-caption\">Deise Arruda<\/figcaption><\/figure>\n<\/figure>\n\n\n\n<div class=\"wp-block-columns is-layout-flex wp-container-core-columns-is-layout-9d6595d7 wp-block-columns-is-layout-flex\">\n<div class=\"wp-block-column is-layout-flow wp-block-column-is-layout-flow\">\n<pre class=\"wp-block-verse\"><br>\u201cS\u00e3o, praticamente, 45 anos nessa atividade e eu aprendi que ningu\u00e9m faz nada sozinho, ningu\u00e9m colhe nada sozinho, n\u00f3s precisamos um dos outros. Posso dizer que aprendi tamb\u00e9m que d\u00f3i bastante os fracassos, alguns deles demoram um pouquinho para sair do cora\u00e7\u00e3o, mas aprendi que com planejamento, a gente consegue se levantar\u201d - Rita Orsi.  <\/pre>\n<\/div>\n\n\n\n<div class=\"wp-block-column is-layout-flow wp-block-column-is-layout-flow\">\n<pre class=\"wp-block-verse\"><br>\u201cEu aprendi que como professor esportivo posso ter grande influ\u00eancia no desenvolvimento de uma pessoa. Quando sou abordado por ex-atletas que relatam a minha import\u00e2ncia na carreira profissional e na forma\u00e7\u00e3o deles, \u00e9 algo muito mais relevante do que ganhar um t\u00edtulo\u201d - Norberto Jos\u00e9 da Silva (Borracha).<br><br><\/pre>\n<\/div>\n\n\n\n<div class=\"wp-block-column is-layout-flow wp-block-column-is-layout-flow\">\n<pre class=\"wp-block-verse\"><br>\u201cEu aprendi que posso transformar n\u00e3o somente o f\u00edsico das pessoas, mas tamb\u00e9m a vida delas, foi exatamente por isso que escolhi essa profiss\u00e3o. \u00c9 fant\u00e1stico observar a evolu\u00e7\u00e3o f\u00edsica e mental do aluno - Deise Arruda. <\/pre>\n<\/div>\n<\/div>\n\n\n\n<p><\/p>\n","protected":false},"excerpt":{"rendered":"<p>\u00c0 convite da TVTEC Jundia\u00ed, tr\u00eas profissionais compartilham suas experi\u00eancias e mostram como a profiss\u00e3o contribui para o desenvolvimento esportivo, social, emocional e, tamb\u00e9m, para a qualidade de vida. Quando um atleta entra em campo, pisa na quadra, pula na piscina ou se prepara para a largada, o p\u00fablico, geralmente, n\u00e3o observa todo o processo [&hellip;]<\/p>\n","protected":false},"author":45,"featured_media":139514,"comment_status":"closed","ping_status":"0","sticky":false,"template":"","format":"standard","meta":{"footnotes":""},"categories":[29,1],"tags":[],"class_list":["post-139511","post","type-post","status-publish","format-standard","has-post-thumbnail","hentry","category-destaque","category-noticias"],"_links":{"self":[{"href":"https:\/\/tvtecjundiai.com.br\/news\/wp-json\/wp\/v2\/posts\/139511","targetHints":{"allow":["GET"]}}],"collection":[{"href":"https:\/\/tvtecjundiai.com.br\/news\/wp-json\/wp\/v2\/posts"}],"about":[{"href":"https:\/\/tvtecjundiai.com.br\/news\/wp-json\/wp\/v2\/types\/post"}],"author":[{"embeddable":true,"href":"https:\/\/tvtecjundiai.com.br\/news\/wp-json\/wp\/v2\/users\/45"}],"replies":[{"embeddable":true,"href":"https:\/\/tvtecjundiai.com.br\/news\/wp-json\/wp\/v2\/comments?post=139511"}],"version-history":[{"count":4,"href":"https:\/\/tvtecjundiai.com.br\/news\/wp-json\/wp\/v2\/posts\/139511\/revisions"}],"predecessor-version":[{"id":139534,"href":"https:\/\/tvtecjundiai.com.br\/news\/wp-json\/wp\/v2\/posts\/139511\/revisions\/139534"}],"wp:featuredmedia":[{"embeddable":true,"href":"https:\/\/tvtecjundiai.com.br\/news\/wp-json\/wp\/v2\/media\/139514"}],"wp:attachment":[{"href":"https:\/\/tvtecjundiai.com.br\/news\/wp-json\/wp\/v2\/media?parent=139511"}],"wp:term":[{"taxonomy":"category","embeddable":true,"href":"https:\/\/tvtecjundiai.com.br\/news\/wp-json\/wp\/v2\/categories?post=139511"},{"taxonomy":"post_tag","embeddable":true,"href":"https:\/\/tvtecjundiai.com.br\/news\/wp-json\/wp\/v2\/tags?post=139511"}],"curies":[{"name":"wp","href":"https:\/\/api.w.org\/{rel}","templated":true}]}}