{"id":139522,"date":"2026-09-01T08:00:00","date_gmt":"2026-09-01T11:00:00","guid":{"rendered":"https:\/\/tvtecjundiai.com.br\/news\/?p=139522"},"modified":"2026-08-31T21:24:19","modified_gmt":"2026-09-01T00:24:19","slug":"el-nino-acende-alerta-para-impactos-na-saude-e-mobiliza-acoes-de-prevencao","status":"publish","type":"post","link":"https:\/\/tvtecjundiai.com.br\/news\/2026\/09\/01\/el-nino-acende-alerta-para-impactos-na-saude-e-mobiliza-acoes-de-prevencao\/","title":{"rendered":"El Ni\u00f1o acende alerta para impactos na sa\u00fade e mobiliza a\u00e7\u00f5es de preven\u00e7\u00e3o"},"content":{"rendered":"\n<p class=\"has-text-align-center\"><em>Em Jundia\u00ed, a\u00e7\u00f5es integradas entre secretarias e \u00f3rg\u00e3os municipais buscam preparar a cidade para eventos clim\u00e1ticos<\/em><\/p>\n\n\n<div class=\"wp-block-image\">\n<figure class=\"aligncenter size-full is-resized\"><img loading=\"lazy\" decoding=\"async\" width=\"940\" height=\"627\" src=\"https:\/\/tvtecjundiai.com.br\/news\/wp-content\/uploads\/sites\/2\/2026\/08\/image-14.png\" alt=\"\" class=\"wp-image-139523\" style=\"aspect-ratio:1.4992052204467499;width:623px;height:auto\" srcset=\"https:\/\/tvtecjundiai.com.br\/news\/wp-content\/uploads\/sites\/2\/2026\/08\/image-14.png 940w, https:\/\/tvtecjundiai.com.br\/news\/wp-content\/uploads\/sites\/2\/2026\/08\/image-14-300x200.png 300w, https:\/\/tvtecjundiai.com.br\/news\/wp-content\/uploads\/sites\/2\/2026\/08\/image-14-768x512.png 768w\" sizes=\"auto, (max-width: 940px) 100vw, 940px\" \/><\/figure>\n<\/div>\n\n\n<p class=\"has-text-align-center\"><em>Imagem: PMJ<\/em><br><\/p>\n\n\n\n<p class=\"has-text-align-left\">O Plano Setorial de Sa\u00fade (AdaptaSUS), re\u00fane estrat\u00e9gias para preparar o Sistema \u00danico de Sa\u00fade (SUS) diante dos impactos das mudan\u00e7as clim\u00e1ticas. A iniciativa considera, especialmente, os efeitos do El Ni\u00f1o entre 2026 e 2027, que pode provocar eventos clim\u00e1ticos extremos em diferentes regi\u00f5es do pa\u00eds.<\/p>\n\n\n\n<p>De acordo com as medidas previstas est\u00e3o a cria\u00e7\u00e3o de salas de situa\u00e7\u00e3o para monitoramento de emerg\u00eancias clim\u00e1ticas, a disponibiliza\u00e7\u00e3o de kits emergenciais e a atua\u00e7\u00e3o da For\u00e7a Nacional do SUS. O plano tamb\u00e9m prev\u00ea, at\u00e9 2025,&nbsp; 27 metas e 93 a\u00e7\u00f5es de adapta\u00e7\u00e3o e prepara\u00e7\u00e3o.<\/p>\n\n\n\n<p>Em Jundia\u00ed, o Grupo de Governan\u00e7a Clim\u00e1tica re\u00fane diferentes secretarias, al\u00e9m da Defesa Civil, DAE Jundia\u00ed e a Funda\u00e7\u00e3o Serra do Japi para monitorar riscos, desenvolver a\u00e7\u00f5es integradas e tamb\u00e9m elaborar o Plano Municipal de Adapta\u00e7\u00e3o Clim\u00e1tica.<\/p>\n\n\n\n<p><strong>Em pr\u00e1tica<\/strong><\/p>\n\n\n\n<p>Entre as a\u00e7\u00f5es j\u00e1 em pr\u00e1tica, est\u00e3o os alertas da Defesa Civil pelo SMS. Para acessar o servi\u00e7o, basta enviar o CEP para o n\u00famero 40199, e sempre que houver eventos clim\u00e1ticos extremos, como tempestades, ventanias, enchentes e etc, uma mensagem de alerta ser\u00e1 enviada.<\/p>\n\n\n\n<p><strong><em>M\u00eddias TVTEC Jundia\u00ed<\/em><\/strong><\/p>\n","protected":false},"excerpt":{"rendered":"<p>Em Jundia\u00ed, a\u00e7\u00f5es integradas entre secretarias e \u00f3rg\u00e3os municipais buscam preparar a cidade para eventos clim\u00e1ticos Imagem: PMJ O Plano Setorial de Sa\u00fade (AdaptaSUS), re\u00fane estrat\u00e9gias para preparar o Sistema \u00danico de Sa\u00fade (SUS) diante dos impactos das mudan\u00e7as clim\u00e1ticas. A iniciativa considera, especialmente, os efeitos do El Ni\u00f1o entre 2026 e 2027, que pode [&hellip;]<\/p>\n","protected":false},"author":39,"featured_media":139523,"comment_status":"closed","ping_status":"0","sticky":false,"template":"","format":"standard","meta":{"footnotes":""},"categories":[29],"tags":[],"class_list":["post-139522","post","type-post","status-publish","format-standard","has-post-thumbnail","hentry","category-destaque"],"_links":{"self":[{"href":"https:\/\/tvtecjundiai.com.br\/news\/wp-json\/wp\/v2\/posts\/139522","targetHints":{"allow":["GET"]}}],"collection":[{"href":"https:\/\/tvtecjundiai.com.br\/news\/wp-json\/wp\/v2\/posts"}],"about":[{"href":"https:\/\/tvtecjundiai.com.br\/news\/wp-json\/wp\/v2\/types\/post"}],"author":[{"embeddable":true,"href":"https:\/\/tvtecjundiai.com.br\/news\/wp-json\/wp\/v2\/users\/39"}],"replies":[{"embeddable":true,"href":"https:\/\/tvtecjundiai.com.br\/news\/wp-json\/wp\/v2\/comments?post=139522"}],"version-history":[{"count":1,"href":"https:\/\/tvtecjundiai.com.br\/news\/wp-json\/wp\/v2\/posts\/139522\/revisions"}],"predecessor-version":[{"id":139524,"href":"https:\/\/tvtecjundiai.com.br\/news\/wp-json\/wp\/v2\/posts\/139522\/revisions\/139524"}],"wp:featuredmedia":[{"embeddable":true,"href":"https:\/\/tvtecjundiai.com.br\/news\/wp-json\/wp\/v2\/media\/139523"}],"wp:attachment":[{"href":"https:\/\/tvtecjundiai.com.br\/news\/wp-json\/wp\/v2\/media?parent=139522"}],"wp:term":[{"taxonomy":"category","embeddable":true,"href":"https:\/\/tvtecjundiai.com.br\/news\/wp-json\/wp\/v2\/categories?post=139522"},{"taxonomy":"post_tag","embeddable":true,"href":"https:\/\/tvtecjundiai.com.br\/news\/wp-json\/wp\/v2\/tags?post=139522"}],"curies":[{"name":"wp","href":"https:\/\/api.w.org\/{rel}","templated":true}]}}