{"id":139526,"date":"2026-09-01T08:11:34","date_gmt":"2026-09-01T11:11:34","guid":{"rendered":"https:\/\/tvtecjundiai.com.br\/news\/?p=139526"},"modified":"2026-09-01T08:11:34","modified_gmt":"2026-09-01T11:11:34","slug":"motiva-autoban-informa-cronograma-semanal-de-obras-8","status":"publish","type":"post","link":"https:\/\/tvtecjundiai.com.br\/news\/2026\/09\/01\/motiva-autoban-informa-cronograma-semanal-de-obras-8\/","title":{"rendered":"Motiva Autoban informa cronograma semanal de obras"},"content":{"rendered":"\n<p><br>A Motiva Autoban, informa o cronograma das obras que ser\u00e3o executadas no Sistema Anhanguera-Bandeirantes no per\u00edodo de 31 de agosto a 06 de setembro.<\/p>\n\n\n\n<figure class=\"wp-block-image size-full is-resized\"><img loading=\"lazy\" decoding=\"async\" width=\"567\" height=\"425\" src=\"https:\/\/tvtecjundiai.com.br\/news\/wp-content\/uploads\/sites\/2\/2026\/09\/image-3.png\" alt=\"\" class=\"wp-image-139527\" style=\"aspect-ratio:1.3341299312474724;width:840px;height:auto\" srcset=\"https:\/\/tvtecjundiai.com.br\/news\/wp-content\/uploads\/sites\/2\/2026\/09\/image-3.png 567w, https:\/\/tvtecjundiai.com.br\/news\/wp-content\/uploads\/sites\/2\/2026\/09\/image-3-300x225.png 300w\" sizes=\"auto, (max-width: 567px) 100vw, 567px\" \/><\/figure>\n\n\n\n<p><\/p>\n\n\n\n<p><\/p>\n\n\n\n<p><strong>Passarela\u00a0km 134, SP-330<\/strong><\/p>\n\n\n\n<p>A concession\u00e1ria est\u00e1 construindo uma nova passarela de pedestres na\u00a0Rodovia Anhanguera (SP-330), no km 134+500, em Limeira. O projeto prev\u00ea um investimento de R$ 8.712.854,00 e tem entrega programada para junho de 2027.<\/p>\n\n\n\n<p>A estrutura ter\u00e1 7,80 metros de altura, com rampas de acesso de 50 metros de extens\u00e3o e 44 metros de \u00e1rea de travessia. A passarela ser\u00e1 implantada seguindo os mais modernos padr\u00f5es de acessibilidade, incluindo piso t\u00e1til, patamares de descanso e corrim\u00e3o duplo.<\/p>\n\n\n\n<p>O equipamento tamb\u00e9m contar\u00e1 com itens completos de seguran\u00e7a, como dispositivos antivandalismo (trava-moto), telas de prote\u00e7\u00e3o e ilumina\u00e7\u00e3o.<\/p>\n\n\n\n<p>As obras ser\u00e3o executadas em regime cont\u00ednuo, 24 horas por dia, com duas frentes de trabalho atuando simultaneamente, gerando cerca de 120 postos de trabalho.<\/p>\n\n\n\n<p><\/p>\n\n\n\n<p><strong>Manuten\u00e7\u00e3o na Obra de Arte Especial (OAE)<\/strong><\/p>\n\n\n\n<p>Equipes estar\u00e3o nos dispositivos de OAE da Rodovia dos Bandeirantes nos km 164, sul (capital) com interdi\u00e7\u00e3o da faixa 2 e acostamento. Km 13+880, sul (capital) com interdi\u00e7\u00e3o do acostamento. A marginal Tiete, km 11+400, tamb\u00e9m ter\u00e1 interdi\u00e7\u00e3o de duas faixas para manuten\u00e7\u00e3o da Obra de Arte Especial.<\/p>\n\n\n\n<p>As obras ser\u00e3o realizadas at\u00e9 quinta-feira, dia 03\/09, das 22h \u00e0s 5h.<\/p>\n\n\n\n<p><\/p>\n\n\n\n<p><strong>Km 167+800, Rodovia dos Bandeirantes<\/strong><\/p>\n\n\n\n<p>A concession\u00e1ria realiza opera\u00e7\u00e3o especial com interdi\u00e7\u00f5es intercaladas nos dois sentidos na Rodovia dos Bandeirantes (SP-348), km 167+800, para viabiliza\u00e7\u00e3o do alargamento da OAE-Obra de arte da SP 310 &#8211; Rodovia Washington Lu\u00eds, em Cordeir\u00f3polis , sobre a SP-348. A obra est\u00e1 sendo realizada pela EIXO SP CONCESSIONARIA DE RODOVIAS S.A.<\/p>\n\n\n\n<p><\/p>\n\n\n\n<p><strong>Passarela km 19, Rodovia dos Bandeirantes<\/strong><\/p>\n\n\n\n<p>A passarela do km 19 da Rodovia dos Bandeirantes, em S\u00e3o Paulo, est\u00e1 passando por readequa\u00e7\u00e3o de gabarito. A obra que come\u00e7ou em 6 de abril, deve durar 5 meses.<\/p>\n\n\n\n<p>Durante os trabalhos que elevar\u00e3o de 5,40 para 5,70 de altura, a passarela permanecer\u00e1 transit\u00e1vel, pois somente ser\u00e1 interditado metade do v\u00e3o que hoje possui 2,5 metros.<\/p>\n\n\n\n<p><strong>Caixas de produtos perigosos<\/strong><\/p>\n\n\n\n<p>A concession\u00e1ria est\u00e1 implantando caixas de conten\u00e7\u00e3o de produtos perigoso na Rodovia Anhanguera, km 130, em ambos os sentidos. A obra est\u00e1 sendo realizada das 22h \u00e0s 5h, com fechamentos pontuais do acostamento.<\/p>\n\n\n\n<p><\/p>\n\n\n\n<p><strong>Faixa adicional km 47 da Rodovia dos Bandeirantes<\/strong><\/p>\n\n\n\n<p>Equipes de engenharia est\u00e3o construindo mais uma faixa de rolamento entre o km 47 e o km 50, sentido interior, na Rodovia dos Bandeirantes, em Jundia\u00ed. Para execu\u00e7\u00e3o dos trabalhos, o retorno operacional do km 49 permanecer\u00e1 interditado.<\/p>\n\n\n\n<p>A concession\u00e1ria recomenda que os clientes, sempre que poss\u00edvel, programem seus deslocamentos e verifiquem as condi\u00e7\u00f5es de tr\u00e1fego no Sistema Anhanguera-Bandeirantes atrav\u00e9s dos canais de comunica\u00e7\u00e3o da Disque Autoban e Whatsapp: 0800 055 55 50, site\u00a0https:\/\/rodovias.motiva.com.br\/autoban\/<\/p>\n\n\n\n<p>O cronograma de obras \u00e9 din\u00e2mico e poder\u00e1 sofrer altera\u00e7\u00f5es. Em caso de condi\u00e7\u00f5es clim\u00e1ticas desfavor\u00e1veis, os servi\u00e7os ser\u00e3o reprogramados. Durante o feriado, as obras ser\u00e3o suspensas.<\/p>\n\n\n\n<p><\/p>\n\n\n\n<p><\/p>\n\n\n\n<p>Assessoria de Comunica\u00e7\u00e3o da Motiva Autoban<\/p>\n","protected":false},"excerpt":{"rendered":"<p>O cronograma de obras \u00e9 din\u00e2mico e poder\u00e1 sofrer altera\u00e7\u00f5es. Em caso de condi\u00e7\u00f5es clim\u00e1ticas desfavor\u00e1veis, os servi\u00e7os ser\u00e3o reprogramados. Durante o feriado, as obras ser\u00e3o suspensas<\/p>\n","protected":false},"author":24,"featured_media":139528,"comment_status":"closed","ping_status":"0","sticky":false,"template":"","format":"standard","meta":{"footnotes":""},"categories":[29,6151],"tags":[],"class_list":["post-139526","post","type-post","status-publish","format-standard","has-post-thumbnail","hentry","category-destaque","category-transito"],"_links":{"self":[{"href":"https:\/\/tvtecjundiai.com.br\/news\/wp-json\/wp\/v2\/posts\/139526","targetHints":{"allow":["GET"]}}],"collection":[{"href":"https:\/\/tvtecjundiai.com.br\/news\/wp-json\/wp\/v2\/posts"}],"about":[{"href":"https:\/\/tvtecjundiai.com.br\/news\/wp-json\/wp\/v2\/types\/post"}],"author":[{"embeddable":true,"href":"https:\/\/tvtecjundiai.com.br\/news\/wp-json\/wp\/v2\/users\/24"}],"replies":[{"embeddable":true,"href":"https:\/\/tvtecjundiai.com.br\/news\/wp-json\/wp\/v2\/comments?post=139526"}],"version-history":[{"count":1,"href":"https:\/\/tvtecjundiai.com.br\/news\/wp-json\/wp\/v2\/posts\/139526\/revisions"}],"predecessor-version":[{"id":139529,"href":"https:\/\/tvtecjundiai.com.br\/news\/wp-json\/wp\/v2\/posts\/139526\/revisions\/139529"}],"wp:featuredmedia":[{"embeddable":true,"href":"https:\/\/tvtecjundiai.com.br\/news\/wp-json\/wp\/v2\/media\/139528"}],"wp:attachment":[{"href":"https:\/\/tvtecjundiai.com.br\/news\/wp-json\/wp\/v2\/media?parent=139526"}],"wp:term":[{"taxonomy":"category","embeddable":true,"href":"https:\/\/tvtecjundiai.com.br\/news\/wp-json\/wp\/v2\/categories?post=139526"},{"taxonomy":"post_tag","embeddable":true,"href":"https:\/\/tvtecjundiai.com.br\/news\/wp-json\/wp\/v2\/tags?post=139526"}],"curies":[{"name":"wp","href":"https:\/\/api.w.org\/{rel}","templated":true}]}}