{"id":139535,"date":"2026-09-01T10:22:06","date_gmt":"2026-09-01T13:22:06","guid":{"rendered":"https:\/\/tvtecjundiai.com.br\/news\/?p=139535"},"modified":"2026-09-01T10:22:34","modified_gmt":"2026-09-01T13:22:34","slug":"setembro-amarelo-jundiai-amplia-acoes-de-cuidado-com-a-saude-mental","status":"publish","type":"post","link":"https:\/\/tvtecjundiai.com.br\/news\/2026\/09\/01\/setembro-amarelo-jundiai-amplia-acoes-de-cuidado-com-a-saude-mental\/","title":{"rendered":"Setembro Amarelo: Jundia\u00ed amplia a\u00e7\u00f5es de cuidado com a sa\u00fade mental"},"content":{"rendered":"\n<p>O m\u00eas de setembro, marcado pela campanha Setembro Amarelo, refor\u00e7a a import\u00e2ncia de ampliar o debate sobre sa\u00fade mental e preven\u00e7\u00e3o ao suic\u00eddio, al\u00e9m de fortalecer a aten\u00e7\u00e3o \u00e0s pessoas em situa\u00e7\u00e3o de sofrimento.<\/p>\n\n\n\n<p>Ao longo do m\u00eas, Jundia\u00ed ter\u00e1 a\u00e7\u00f5es descentralizadas voltadas \u00e0 conscientiza\u00e7\u00e3o e \u00e0 promo\u00e7\u00e3o da sa\u00fade mental. No dia 16, ser\u00e1 realizado o evento \u201cDe Setembro a Setembro: adolesc\u00eancias, determinantes sociais e redes de cuidado na preven\u00e7\u00e3o ao suic\u00eddio\u201d, no Audit\u00f3rio da Faculdade de Medicina de Jundia\u00ed. A atividade ser\u00e1 voltada \u00e0 capacita\u00e7\u00e3o da rede intersetorial e ao fortalecimento das estrat\u00e9gias de preven\u00e7\u00e3o e acolhimento.<\/p>\n\n\n\n<p>A programa\u00e7\u00e3o inclui atividades nas unidades de sa\u00fade, a\u00e7\u00f5es com empresas e institui\u00e7\u00f5es e matriciamentos tem\u00e1ticos junto \u00e0s UBS. Nesses encontros, profissionais especializados apoiam e orientam as equipes das unidades no atendimento de situa\u00e7\u00f5es relacionadas \u00e0 sa\u00fade mental.<\/p>\n\n\n\n<p>As iniciativas fazem parte de um trabalho permanente desenvolvido pela Rede de Aten\u00e7\u00e3o Psicossocial (RAPS) de Jundia\u00ed. O munic\u00edpio conta com quatro Centros de Aten\u00e7\u00e3o Psicossocial (CAPS): dois destinados ao atendimento de adultos, um voltado a crian\u00e7as e adolescentes e outro especializado em pessoas com necessidades relacionadas ao uso de \u00e1lcool e outras drogas. O CAPS III e o CAPS AD III funcionam 24 horas.<\/p>\n\n\n\n<figure class=\"wp-block-image size-large\"><img decoding=\"async\" src=\"https:\/\/www12.senado.leg.br\/noticias\/materias\/2021\/08\/17\/comissao-aprova-semana-nacional-sobre-depressao\/mcmgo_abr_070820180690.jpg\/mural\/imagem_materia\" alt=\"\" \/><\/figure>\n\n\n\n<p>Os servi\u00e7os contam com equipes multiprofissionais e trabalham de portas abertas, permitindo o acesso ao primeiro acolhimento sem necessidade de agendamento ou encaminhamento.<\/p>\n\n\n\n<p>A assist\u00eancia tamb\u00e9m est\u00e1 presente nas regi\u00f5es do munic\u00edpio. As 35 Unidades B\u00e1sicas de Sa\u00fade (UBS), com o apoio de 10 equipes e-Multi, oferecem atendimento multiprofissional a pessoas em sofrimento ps\u00edquico. A rede inclui ainda duas equipes de Consult\u00f3rio na Rua e servi\u00e7os como o Centro de Conviv\u00eancia (CECO), Unidades de Acolhimento, Servi\u00e7os Residenciais Terap\u00eauticos e a Enfermaria de Retaguarda de Sa\u00fade Mental do Hospital de Caridade S\u00e3o Vicente de Paulo (HSVP).<\/p>\n\n\n\n<p>Segundo Alexandre Sandri, coordenador de Sa\u00fade Mental, \u00c1lcool e Outras Drogas, o cuidado com a sa\u00fade mental deve envolver toda a rede de atendimento e considerar as diferentes necessidades de cada pessoa. Ele destaca que Jundia\u00ed possui servi\u00e7os capazes de acolher desde situa\u00e7\u00f5es acompanhadas pelas UBS at\u00e9 casos que demandam um atendimento mais intensivo nos CAPS.<\/p>\n\n\n\n<p>Al\u00e9m da assist\u00eancia, o munic\u00edpio mant\u00e9m a\u00e7\u00f5es de preven\u00e7\u00e3o, capacita\u00e7\u00e3o dos profissionais e acompanhamento de casos de viol\u00eancia autoprovocada. Desde 2022, Jundia\u00ed conta com o Plano Municipal de Preven\u00e7\u00e3o \u00e0 Automutila\u00e7\u00e3o e ao Suic\u00eddio, que re\u00fane estrat\u00e9gias de preven\u00e7\u00e3o, promo\u00e7\u00e3o da sa\u00fade, acompanhamento dos casos e qualifica\u00e7\u00e3o das informa\u00e7\u00f5es.<\/p>\n\n\n\n<p>A atua\u00e7\u00e3o tamb\u00e9m inclui atividades anuais de sensibiliza\u00e7\u00e3o e forma\u00e7\u00e3o, realizadas desde 2017. As iniciativas buscam fortalecer o trabalho conjunto entre sa\u00fade, educa\u00e7\u00e3o e outros setores, ampliando a capacidade de identifica\u00e7\u00e3o, acolhimento e acompanhamento de pessoas em situa\u00e7\u00e3o de sofrimento.<\/p>\n\n\n\n<p>Fonte: Prefeitura de Jundia\u00ed<\/p>\n","protected":false},"excerpt":{"rendered":"<p>Durante o Setembro Amarelo, Jundia\u00ed refor\u00e7a a\u00e7\u00f5es de preven\u00e7\u00e3o ao suic\u00eddio e promo\u00e7\u00e3o da sa\u00fade mental, com atividades e atendimento em diferentes pontos da rede municipal.<\/p>\n","protected":false},"author":24,"featured_media":139536,"comment_status":"closed","ping_status":"0","sticky":false,"template":"","format":"standard","meta":{"footnotes":""},"categories":[29,8356,1,2839,8527],"tags":[],"class_list":["post-139535","post","type-post","status-publish","format-standard","has-post-thumbnail","hentry","category-destaque","category-jundiai","category-noticias","category-saude","category-saude-mental"],"_links":{"self":[{"href":"https:\/\/tvtecjundiai.com.br\/news\/wp-json\/wp\/v2\/posts\/139535","targetHints":{"allow":["GET"]}}],"collection":[{"href":"https:\/\/tvtecjundiai.com.br\/news\/wp-json\/wp\/v2\/posts"}],"about":[{"href":"https:\/\/tvtecjundiai.com.br\/news\/wp-json\/wp\/v2\/types\/post"}],"author":[{"embeddable":true,"href":"https:\/\/tvtecjundiai.com.br\/news\/wp-json\/wp\/v2\/users\/24"}],"replies":[{"embeddable":true,"href":"https:\/\/tvtecjundiai.com.br\/news\/wp-json\/wp\/v2\/comments?post=139535"}],"version-history":[{"count":1,"href":"https:\/\/tvtecjundiai.com.br\/news\/wp-json\/wp\/v2\/posts\/139535\/revisions"}],"predecessor-version":[{"id":139537,"href":"https:\/\/tvtecjundiai.com.br\/news\/wp-json\/wp\/v2\/posts\/139535\/revisions\/139537"}],"wp:featuredmedia":[{"embeddable":true,"href":"https:\/\/tvtecjundiai.com.br\/news\/wp-json\/wp\/v2\/media\/139536"}],"wp:attachment":[{"href":"https:\/\/tvtecjundiai.com.br\/news\/wp-json\/wp\/v2\/media?parent=139535"}],"wp:term":[{"taxonomy":"category","embeddable":true,"href":"https:\/\/tvtecjundiai.com.br\/news\/wp-json\/wp\/v2\/categories?post=139535"},{"taxonomy":"post_tag","embeddable":true,"href":"https:\/\/tvtecjundiai.com.br\/news\/wp-json\/wp\/v2\/tags?post=139535"}],"curies":[{"name":"wp","href":"https:\/\/api.w.org\/{rel}","templated":true}]}}