{"id":139542,"date":"2026-09-01T11:18:03","date_gmt":"2026-09-01T14:18:03","guid":{"rendered":"https:\/\/tvtecjundiai.com.br\/news\/?p=139542"},"modified":"2026-09-01T11:18:03","modified_gmt":"2026-09-01T14:18:03","slug":"negocios-digital-oferece-capacitacao-gratuita-a-empreendedores-a-partir-de-quarta-2-de-setembro","status":"publish","type":"post","link":"https:\/\/tvtecjundiai.com.br\/news\/2026\/09\/01\/negocios-digital-oferece-capacitacao-gratuita-a-empreendedores-a-partir-de-quarta-2-de-setembro\/","title":{"rendered":"+Neg\u00f3cios Digital oferece capacita\u00e7\u00e3o gratuita a empreendedores a partir de quarta (2) de setembro"},"content":{"rendered":"\n<p>A Prefeitura de Jundia\u00ed, por meio da Secretaria de Desenvolvimento Econ\u00f4mico, Ci\u00eancia e Tecnologia, lan\u00e7a, pelo eixo +Neg\u00f3cios, o +Neg\u00f3cios Digital, projeto de capacita\u00e7\u00e3o voltado aos empreendedores do Galp\u00e3o Criativo. A iniciativa busca aprimorar a comunica\u00e7\u00e3o e fortalecer a presen\u00e7a dos neg\u00f3cios no ambiente digital. Os encontros ser\u00e3o realizados presencialmente durante o m\u00eas de setembro, com conte\u00fados sobre Instagram, Stories, TikTok e estrat\u00e9gias de comunica\u00e7\u00e3o.<\/p>\n\n\n\n<p>Realizada em parceria com a TVTEC Jundia\u00ed, a iniciativa ter\u00e1 quatro encontros presenciais, nos dias 2, 16, 23 e 30 de setembro, sempre \u00e0s 9h, na sede da institui\u00e7\u00e3o. A programa\u00e7\u00e3o busca oferecer conhecimentos pr\u00e1ticos para que os participantes possam aplicar as estrat\u00e9gias na divulga\u00e7\u00e3o de produtos, servi\u00e7os e marcas.<\/p>\n\n\n\n<p>O projeto busca aproximar os pequenos neg\u00f3cios das ferramentas digitais utilizadas na divulga\u00e7\u00e3o e no relacionamento com os consumidores. A iniciativa orienta os participantes sobre o uso estrat\u00e9gico desses canais para ampliar a visibilidade das marcas e gerar novas oportunidades.<\/p>\n\n\n\n<figure class=\"wp-block-image size-full\"><img loading=\"lazy\" decoding=\"async\" width=\"1200\" height=\"800\" src=\"https:\/\/tvtecjundiai.com.br\/news\/wp-content\/uploads\/sites\/2\/2026\/09\/image-1-1200x800_galpao_criativo_parquedauva-1.jpeg\" alt=\"\" class=\"wp-image-139544\" srcset=\"https:\/\/tvtecjundiai.com.br\/news\/wp-content\/uploads\/sites\/2\/2026\/09\/image-1-1200x800_galpao_criativo_parquedauva-1.jpeg 1200w, https:\/\/tvtecjundiai.com.br\/news\/wp-content\/uploads\/sites\/2\/2026\/09\/image-1-1200x800_galpao_criativo_parquedauva-1-300x200.jpeg 300w, https:\/\/tvtecjundiai.com.br\/news\/wp-content\/uploads\/sites\/2\/2026\/09\/image-1-1200x800_galpao_criativo_parquedauva-1-768x512.jpeg 768w\" sizes=\"auto, (max-width: 1200px) 100vw, 1200px\" \/><\/figure>\n\n\n\n<p>Segundo Bruna Lazarini, secret\u00e1ria adjunta de Desenvolvimento Econ\u00f4mico, Ci\u00eancia e Tecnologia, a comunica\u00e7\u00e3o digital j\u00e1 faz parte da gest\u00e3o dos neg\u00f3cios, mas muitos empreendedores ainda enfrentam dificuldades para divulgar seus produtos e servi\u00e7os nas redes sociais e transformar essas ferramentas em oportunidades. Ela destaca que o +Neg\u00f3cios Digital busca oferecer conhecimento pr\u00e1tico, ampliar a autonomia dos participantes, fortalecer suas marcas e contribuir para novas possibilidades de crescimento.<\/p>\n\n\n\n<p>As inscri\u00e7\u00f5es estar\u00e3o abertas at\u00e9 28 de agosto, por meio de <a href=\"https:\/\/docs.google.com\/forms\/d\/e\/1FAIpQLSeuNmb7QK8XMINZFBJ8m6s_6faXQU5e6PylR-Sbg9ppf4hJww\/viewform\" data-type=\"link\" data-id=\"https:\/\/docs.google.com\/forms\/d\/e\/1FAIpQLSeuNmb7QK8XMINZFBJ8m6s_6faXQU5e6PylR-Sbg9ppf4hJww\/viewform\">formul\u00e1rio online<\/a>. Ao todo, ser\u00e3o disponibilizadas 90 vagas. Caso o n\u00famero de inscritos supere a quantidade dispon\u00edvel, ser\u00e1 realizado um sorteio no dia 31 de agosto para definir os participantes.<\/p>\n\n\n\n<p>Os empreendedores criativos que conclu\u00edrem todas as aulas ter\u00e3o prefer\u00eancia nos sorteios para participa\u00e7\u00e3o em futuras a\u00e7\u00f5es do eixo +Neg\u00f3cios, incluindo a Festa da Uva e a Feira do Empreendedor, Neg\u00f3cios e Servi\u00e7os de 2027.<\/p>\n\n\n\n<p><strong>Fonte: Prefeitura de Jundia\u00ed \/ Foto: Fot\u00f3grafos PMJ<\/strong><\/p>\n","protected":false},"excerpt":{"rendered":"<p>Projeto oferece capacita\u00e7\u00e3o gratuita em ferramentas digitais para empreendedores do Galp\u00e3o Criativo, com encontros presenciais e conte\u00fados voltados \u00e0 divulga\u00e7\u00e3o e fortalecimento das marcas.<\/p>\n","protected":false},"author":24,"featured_media":139543,"comment_status":"closed","ping_status":"0","sticky":false,"template":"","format":"standard","meta":{"footnotes":""},"categories":[2832,29,8362,5038,8429,8408],"tags":[],"class_list":["post-139542","post","type-post","status-publish","format-standard","has-post-thumbnail","hentry","category-cursos","category-destaque","category-empreendedorismo","category-emprego","category-eventos","category-galpao-criativo"],"_links":{"self":[{"href":"https:\/\/tvtecjundiai.com.br\/news\/wp-json\/wp\/v2\/posts\/139542","targetHints":{"allow":["GET"]}}],"collection":[{"href":"https:\/\/tvtecjundiai.com.br\/news\/wp-json\/wp\/v2\/posts"}],"about":[{"href":"https:\/\/tvtecjundiai.com.br\/news\/wp-json\/wp\/v2\/types\/post"}],"author":[{"embeddable":true,"href":"https:\/\/tvtecjundiai.com.br\/news\/wp-json\/wp\/v2\/users\/24"}],"replies":[{"embeddable":true,"href":"https:\/\/tvtecjundiai.com.br\/news\/wp-json\/wp\/v2\/comments?post=139542"}],"version-history":[{"count":1,"href":"https:\/\/tvtecjundiai.com.br\/news\/wp-json\/wp\/v2\/posts\/139542\/revisions"}],"predecessor-version":[{"id":139545,"href":"https:\/\/tvtecjundiai.com.br\/news\/wp-json\/wp\/v2\/posts\/139542\/revisions\/139545"}],"wp:featuredmedia":[{"embeddable":true,"href":"https:\/\/tvtecjundiai.com.br\/news\/wp-json\/wp\/v2\/media\/139543"}],"wp:attachment":[{"href":"https:\/\/tvtecjundiai.com.br\/news\/wp-json\/wp\/v2\/media?parent=139542"}],"wp:term":[{"taxonomy":"category","embeddable":true,"href":"https:\/\/tvtecjundiai.com.br\/news\/wp-json\/wp\/v2\/categories?post=139542"},{"taxonomy":"post_tag","embeddable":true,"href":"https:\/\/tvtecjundiai.com.br\/news\/wp-json\/wp\/v2\/tags?post=139542"}],"curies":[{"name":"wp","href":"https:\/\/api.w.org\/{rel}","templated":true}]}}