{"id":139546,"date":"2026-09-01T11:37:53","date_gmt":"2026-09-01T14:37:53","guid":{"rendered":"https:\/\/tvtecjundiai.com.br\/news\/?p=139546"},"modified":"2026-09-01T11:37:53","modified_gmt":"2026-09-01T14:37:53","slug":"vale-verde-amplia-vivencias-e-leva-atividades-de-horta-para-dentro-das-escolas-municipais","status":"publish","type":"post","link":"https:\/\/tvtecjundiai.com.br\/news\/2026\/09\/01\/vale-verde-amplia-vivencias-e-leva-atividades-de-horta-para-dentro-das-escolas-municipais\/","title":{"rendered":"Vale Verde amplia viv\u00eancias e leva atividades de horta para dentro das escolas municipais"},"content":{"rendered":"\n<p>A experi\u00eancia de plantar, cuidar e colher alimentos ganhou um novo espa\u00e7o nas escolas municipais de Jundia\u00ed. Por meio da modalidade \u201cVale Verde na Escola\u201d, profissionais do Vale Verde passam a visitar as unidades de ensino para desenvolver, junto aos estudantes, atividades pr\u00e1ticas nas hortas escolares. A iniciativa \u00e9 realizada em parceria com a \u00c1rea de Sustentabilidade da Secretaria Municipal de Educa\u00e7\u00e3o (SME), por meio do programa Escola da Gente.<\/p>\n\n\n\n<figure class=\"wp-block-image\"><img decoding=\"async\" src=\"https:\/\/jundiai.sp.gov.br\/noticias\/wp-content\/uploads\/sites\/32\/2026\/08\/vale_verde_na_escola_d-21-1280x854.jpg\" alt=\"\" class=\"wp-image-386827\" \/><figcaption class=\"wp-element-caption\">Estudantes participam de atividade pr\u00e1tica de plantio na horta da EMEB Marly<br><\/figcaption><\/figure>\n\n\n\n<p><\/p>\n\n\n\n<p><\/p>\n\n\n\n<p>A proposta amplia as possibilidades oferecidas pelo Vale Verde. As escolas podem agendar as viv\u00eancias e forma\u00e7\u00f5es dispon\u00edveis pelo\u00a0<a href=\"https:\/\/cardapiopedagogico.wixsite.com\/forma\/artistas\">sistema NAE<\/a>. Entre as novas op\u00e7\u00f5es est\u00e3o o Vale Verde na Escola e a Compostagem na Escola. As unidades tamb\u00e9m seguem recebendo mudas de Plantas Aliment\u00edcias N\u00e3o Convencionais (PANCs), mudas org\u00e2nicas e terra adubada, al\u00e9m de orienta\u00e7\u00f5es para a manuten\u00e7\u00e3o das hortas.<\/p>\n\n\n\n<p>Na EMEB Professora Marly de Marco Mendes Pereira, a horta \u00e9 utilizada como ferramenta pedag\u00f3gica e integra diferentes experi\u00eancias oferecidas aos estudantes, que j\u00e1 participaram do plantio e da colheita de alimentos como br\u00f3colis, beterraba e tomate-cereja. Parte da produ\u00e7\u00e3o \u00e9 utilizada na alimenta\u00e7\u00e3o escolar, aproximando as crian\u00e7as do processo de cultivo e ajudando-as a compreender a origem dos alimentos.\u00a0<\/p>\n\n\n\n<p>.<\/p>\n\n\n\n<div class=\"wp-block-columns is-layout-flex wp-container-core-columns-is-layout-9d6595d7 wp-block-columns-is-layout-flex\">\n<div class=\"wp-block-column is-layout-flow wp-block-column-is-layout-flow\">\n<figure class=\"wp-block-image\"><img decoding=\"async\" src=\"https:\/\/jundiai.sp.gov.br\/noticias\/wp-content\/uploads\/sites\/32\/2026\/08\/vale_verde_na_escola_d-7-1280x854.jpg\" alt=\"\" class=\"wp-image-386823\" \/><\/figure>\n<\/div>\n\n\n\n<div class=\"wp-block-column is-layout-flow wp-block-column-is-layout-flow\">\n<figure class=\"wp-block-image\"><img decoding=\"async\" src=\"https:\/\/jundiai.sp.gov.br\/noticias\/wp-content\/uploads\/sites\/32\/2026\/08\/vale_verde_na_escola_d-30-1280x854.jpg\" alt=\"\" class=\"wp-image-386824\" \/><\/figure>\n<\/div>\n<\/div>\n\n\n\n<p>A participa\u00e7\u00e3o dos estudantes tamb\u00e9m fortalece o protagonismo infantil. Joaquim Moreira, de 10 anos, contou que j\u00e1 participou do plantio e que os alunos ajudam a retirar plantas daninhas e regar os canteiros. \u201cA gente planta alimentos saud\u00e1veis\u201d. J\u00e1 Yasmin Vit\u00f3ria Ferreira, de 10 anos, e Laila Vit\u00f3ria Gomes da Silva, de 9, relataram aprendizados sobre plantas, folhas, sementes e flores durante as viv\u00eancias. Entre os conte\u00fados trabalhados est\u00e3o ainda a preserva\u00e7\u00e3o ambiental e os cuidados com a natureza.<\/p>\n\n\n\n<p>Prevista na legisla\u00e7\u00e3o municipal, a horta escolar \u00e9 uma pr\u00e1tica pedag\u00f3gica presente em todas as escolas da rede municipal, fortalecendo o contato dos estudantes com o cultivo de alimentos, a alimenta\u00e7\u00e3o saud\u00e1vel e a educa\u00e7\u00e3o ambiental.<\/p>\n\n\n\n<p><\/p>\n\n\n\n<p>Fonte \/ Imagem: Prefeitura de Jundia\u00ed<\/p>\n","protected":false},"excerpt":{"rendered":"<p> A iniciativa \u00e9 realizada em parceria com a \u00c1rea de Sustentabilidade da Secretaria Municipal de Educa\u00e7\u00e3o (SME), por meio do programa Escola da Gente<\/p>\n","protected":false},"author":24,"featured_media":139547,"comment_status":"closed","ping_status":"0","sticky":false,"template":"","format":"standard","meta":{"footnotes":""},"categories":[29,3569,1],"tags":[],"class_list":["post-139546","post","type-post","status-publish","format-standard","has-post-thumbnail","hentry","category-destaque","category-meio-ambiente","category-noticias"],"_links":{"self":[{"href":"https:\/\/tvtecjundiai.com.br\/news\/wp-json\/wp\/v2\/posts\/139546","targetHints":{"allow":["GET"]}}],"collection":[{"href":"https:\/\/tvtecjundiai.com.br\/news\/wp-json\/wp\/v2\/posts"}],"about":[{"href":"https:\/\/tvtecjundiai.com.br\/news\/wp-json\/wp\/v2\/types\/post"}],"author":[{"embeddable":true,"href":"https:\/\/tvtecjundiai.com.br\/news\/wp-json\/wp\/v2\/users\/24"}],"replies":[{"embeddable":true,"href":"https:\/\/tvtecjundiai.com.br\/news\/wp-json\/wp\/v2\/comments?post=139546"}],"version-history":[{"count":1,"href":"https:\/\/tvtecjundiai.com.br\/news\/wp-json\/wp\/v2\/posts\/139546\/revisions"}],"predecessor-version":[{"id":139548,"href":"https:\/\/tvtecjundiai.com.br\/news\/wp-json\/wp\/v2\/posts\/139546\/revisions\/139548"}],"wp:featuredmedia":[{"embeddable":true,"href":"https:\/\/tvtecjundiai.com.br\/news\/wp-json\/wp\/v2\/media\/139547"}],"wp:attachment":[{"href":"https:\/\/tvtecjundiai.com.br\/news\/wp-json\/wp\/v2\/media?parent=139546"}],"wp:term":[{"taxonomy":"category","embeddable":true,"href":"https:\/\/tvtecjundiai.com.br\/news\/wp-json\/wp\/v2\/categories?post=139546"},{"taxonomy":"post_tag","embeddable":true,"href":"https:\/\/tvtecjundiai.com.br\/news\/wp-json\/wp\/v2\/tags?post=139546"}],"curies":[{"name":"wp","href":"https:\/\/api.w.org\/{rel}","templated":true}]}}