{"id":139560,"date":"2026-09-02T09:27:32","date_gmt":"2026-09-02T12:27:32","guid":{"rendered":"https:\/\/tvtecjundiai.com.br\/news\/?p=139560"},"modified":"2026-09-02T09:27:32","modified_gmt":"2026-09-02T12:27:32","slug":"desfile-de-7-de-setembro-reune-58-instituicoes-na-avenida-prefeito-luiz-latorre-em-jundiai","status":"publish","type":"post","link":"https:\/\/tvtecjundiai.com.br\/news\/2026\/09\/02\/desfile-de-7-de-setembro-reune-58-instituicoes-na-avenida-prefeito-luiz-latorre-em-jundiai\/","title":{"rendered":"Desfile de 7 de Setembro re\u00fane 58 institui\u00e7\u00f5es na Avenida Prefeito Luiz Latorre, em Jundia\u00ed"},"content":{"rendered":"\n<figure class=\"wp-block-image size-large\"><img loading=\"lazy\" decoding=\"async\" width=\"1200\" height=\"801\" src=\"https:\/\/tvtecjundiai.com.br\/news\/wp-content\/uploads\/sites\/2\/2026\/09\/desfile_7_de_setembro_la_torre_v-176-1280x854-1-1200x801.jpg\" alt=\"\" class=\"wp-image-139562\" srcset=\"https:\/\/tvtecjundiai.com.br\/news\/wp-content\/uploads\/sites\/2\/2026\/09\/desfile_7_de_setembro_la_torre_v-176-1280x854-1-1200x801.jpg 1200w, https:\/\/tvtecjundiai.com.br\/news\/wp-content\/uploads\/sites\/2\/2026\/09\/desfile_7_de_setembro_la_torre_v-176-1280x854-1-300x200.jpg 300w, https:\/\/tvtecjundiai.com.br\/news\/wp-content\/uploads\/sites\/2\/2026\/09\/desfile_7_de_setembro_la_torre_v-176-1280x854-1-768x512.jpg 768w, https:\/\/tvtecjundiai.com.br\/news\/wp-content\/uploads\/sites\/2\/2026\/09\/desfile_7_de_setembro_la_torre_v-176-1280x854-1.jpg 1280w\" sizes=\"auto, (max-width: 1200px) 100vw, 1200px\" \/><\/figure>\n\n\n\n<p>A Avenida Prefeito Luiz Latorre ser\u00e1 palco, no dia 7 de setembro, do tradicional Desfile C\u00edvico de Independ\u00eancia, que neste ano reunir\u00e1 58 institui\u00e7\u00f5es e grupos. Organizada pela Secretaria Municipal de Cultura, a programa\u00e7\u00e3o contar\u00e1 com for\u00e7as de seguran\u00e7a, escolas municipais e particulares, entidades sociais, projetos de forma\u00e7\u00e3o de crian\u00e7as e jovens, grupos escoteiros, institui\u00e7\u00f5es religiosas e, ao final, um bloco motorizado.<\/p>\n\n\n\n<p>A concentra\u00e7\u00e3o dos participantes come\u00e7a \u00e0s 8h, na regi\u00e3o da Faculdade Anhanguera. A organiza\u00e7\u00e3o orienta que os integrantes cheguem com anteced\u00eancia, devido \u00e0 movimenta\u00e7\u00e3o esperada e \u00e0 dificuldade de estacionamento nas proximidades.<\/p>\n\n\n\n<p>A programa\u00e7\u00e3o come\u00e7a com a participa\u00e7\u00e3o das institui\u00e7\u00f5es militares e das for\u00e7as de seguran\u00e7a. Na sequ\u00eancia, participam o 11\u00ba e o 49\u00ba Batalh\u00f5es de Pol\u00edcia Militar do Interior, o 4\u00ba Batalh\u00e3o de Pol\u00edcia Rodovi\u00e1ria, a Pol\u00edcia Militar Ambiental, o 19\u00ba Grupamento de Bombeiros, a Pol\u00edcia Civil, a Guarda Municipal de Jundia\u00ed e a Defesa Civil.<\/p>\n\n\n\n<p>Ap\u00f3s as for\u00e7as de seguran\u00e7a, ser\u00e1 a vez das escolas. A programa\u00e7\u00e3o tamb\u00e9m re\u00fane iniciativas que fazem parte da vida comunit\u00e1ria de Jundia\u00ed, representando os segmentos de cultura, esporte, cidadania e participa\u00e7\u00e3o social. O encerramento ficar\u00e1 por conta do bloco motorizado.<\/p>\n\n\n\n<figure class=\"wp-block-image size-large\"><img loading=\"lazy\" decoding=\"async\" width=\"1200\" height=\"801\" src=\"https:\/\/tvtecjundiai.com.br\/news\/wp-content\/uploads\/sites\/2\/2026\/09\/desfile_7_de_setembro_la_torre_v-310-1280x854-1-1200x801.jpg\" alt=\"\" class=\"wp-image-139563\" srcset=\"https:\/\/tvtecjundiai.com.br\/news\/wp-content\/uploads\/sites\/2\/2026\/09\/desfile_7_de_setembro_la_torre_v-310-1280x854-1-1200x801.jpg 1200w, https:\/\/tvtecjundiai.com.br\/news\/wp-content\/uploads\/sites\/2\/2026\/09\/desfile_7_de_setembro_la_torre_v-310-1280x854-1-300x200.jpg 300w, https:\/\/tvtecjundiai.com.br\/news\/wp-content\/uploads\/sites\/2\/2026\/09\/desfile_7_de_setembro_la_torre_v-310-1280x854-1-768x512.jpg 768w, https:\/\/tvtecjundiai.com.br\/news\/wp-content\/uploads\/sites\/2\/2026\/09\/desfile_7_de_setembro_la_torre_v-310-1280x854-1.jpg 1280w\" sizes=\"auto, (max-width: 1200px) 100vw, 1200px\" \/><\/figure>\n\n\n\n<h3 class=\"wp-block-heading\">Orienta\u00e7\u00f5es aos participantes e ao p\u00fablico<\/h3>\n\n\n\n<p>Para garantir a organiza\u00e7\u00e3o e a seguran\u00e7a do desfile, a organiza\u00e7\u00e3o orienta os participantes e o p\u00fablico sobre os seguintes pontos:<\/p>\n\n\n\n<ul class=\"wp-block-list\">\n<li>A concentra\u00e7\u00e3o ter\u00e1 in\u00edcio \u00e0s 8h. Os participantes devem chegar com anteced\u00eancia.<\/li>\n\n\n\n<li>O estacionamento da Faculdade Anhanguera n\u00e3o estar\u00e1 dispon\u00edvel para os ve\u00edculos dos participantes, pois ser\u00e1 utilizado para a concentra\u00e7\u00e3o e organiza\u00e7\u00e3o das institui\u00e7\u00f5es que desfilar\u00e3o a p\u00e9.<\/li>\n\n\n\n<li>N\u00e3o haver\u00e1 ponto de abastecimento de \u00e1gua no local. A recomenda\u00e7\u00e3o \u00e9 que cada participante leve sua pr\u00f3pria garrafinha.<\/li>\n\n\n\n<li>Na chegada, os respons\u00e1veis pelas institui\u00e7\u00f5es devem procurar a equipe de organiza\u00e7\u00e3o para receber as orienta\u00e7\u00f5es sobre o posicionamento, conforme a ordem estabelecida.<\/li>\n\n\n\n<li>Durante o desfile, n\u00e3o haver\u00e1 paradas em frente ao palanque. Coreografias e apresenta\u00e7\u00f5es dever\u00e3o ser realizadas em movimento, sem interromper o fluxo.<\/li>\n\n\n\n<li>No bloco motorizado, por quest\u00f5es de seguran\u00e7a, n\u00e3o ser\u00e1 permitida a circula\u00e7\u00e3o de pessoas a p\u00e9 entre os ve\u00edculos.<\/li>\n\n\n\n<li>Os respons\u00e1veis devem redobrar a aten\u00e7\u00e3o com as crian\u00e7as, especialmente na regi\u00e3o do C\u00f3rrego das Valqu\u00edrias, mantendo os menores sempre acompanhados.<\/li>\n\n\n\n<li>A ordem de concentra\u00e7\u00e3o e desfile dever\u00e1 ser respeitada, assim como as orienta\u00e7\u00f5es da equipe de organiza\u00e7\u00e3o.<\/li>\n<\/ul>\n\n\n\n<p>O Desfile C\u00edvico de 7 de Setembro integra o calend\u00e1rio de celebra\u00e7\u00f5es da Independ\u00eancia do Brasil e re\u00fane diferentes segmentos da sociedade em uma programa\u00e7\u00e3o que valoriza a cidadania, a educa\u00e7\u00e3o, a cultura, o esporte, a hist\u00f3ria e a participa\u00e7\u00e3o comunit\u00e1ria de Jundia\u00ed.<\/p>\n\n\n\n<p><strong>Fonte: Prefeitura de Jundia\u00ed \/ Fotos: Arquivo PMJ<\/strong><\/p>\n","protected":false},"excerpt":{"rendered":"<p>Jundia\u00ed realiza, no dia 7 de setembro, o tradicional Desfile C\u00edvico de Independ\u00eancia na Avenida Prefeito Luiz Latorre. Organizado pela Secretaria Municipal de Cultura, o evento reunir\u00e1 58 institui\u00e7\u00f5es e grupos, com participa\u00e7\u00e3o de for\u00e7as de seguran\u00e7a, escolas, entidades e projetos comunit\u00e1rios, a partir das 8h.<\/p>\n","protected":false},"author":24,"featured_media":139561,"comment_status":"closed","ping_status":"0","sticky":false,"template":"","format":"standard","meta":{"footnotes":""},"categories":[29,8429,5985,8356,1],"tags":[],"class_list":["post-139560","post","type-post","status-publish","format-standard","has-post-thumbnail","hentry","category-destaque","category-eventos","category-habitacao","category-jundiai","category-noticias"],"_links":{"self":[{"href":"https:\/\/tvtecjundiai.com.br\/news\/wp-json\/wp\/v2\/posts\/139560","targetHints":{"allow":["GET"]}}],"collection":[{"href":"https:\/\/tvtecjundiai.com.br\/news\/wp-json\/wp\/v2\/posts"}],"about":[{"href":"https:\/\/tvtecjundiai.com.br\/news\/wp-json\/wp\/v2\/types\/post"}],"author":[{"embeddable":true,"href":"https:\/\/tvtecjundiai.com.br\/news\/wp-json\/wp\/v2\/users\/24"}],"replies":[{"embeddable":true,"href":"https:\/\/tvtecjundiai.com.br\/news\/wp-json\/wp\/v2\/comments?post=139560"}],"version-history":[{"count":1,"href":"https:\/\/tvtecjundiai.com.br\/news\/wp-json\/wp\/v2\/posts\/139560\/revisions"}],"predecessor-version":[{"id":139564,"href":"https:\/\/tvtecjundiai.com.br\/news\/wp-json\/wp\/v2\/posts\/139560\/revisions\/139564"}],"wp:featuredmedia":[{"embeddable":true,"href":"https:\/\/tvtecjundiai.com.br\/news\/wp-json\/wp\/v2\/media\/139561"}],"wp:attachment":[{"href":"https:\/\/tvtecjundiai.com.br\/news\/wp-json\/wp\/v2\/media?parent=139560"}],"wp:term":[{"taxonomy":"category","embeddable":true,"href":"https:\/\/tvtecjundiai.com.br\/news\/wp-json\/wp\/v2\/categories?post=139560"},{"taxonomy":"post_tag","embeddable":true,"href":"https:\/\/tvtecjundiai.com.br\/news\/wp-json\/wp\/v2\/tags?post=139560"}],"curies":[{"name":"wp","href":"https:\/\/api.w.org\/{rel}","templated":true}]}}