{"id":139565,"date":"2026-09-02T10:00:34","date_gmt":"2026-09-02T13:00:34","guid":{"rendered":"https:\/\/tvtecjundiai.com.br\/news\/?p=139565"},"modified":"2026-09-02T10:00:34","modified_gmt":"2026-09-02T13:00:34","slug":"jundiai-reforca-politica-habitacional-e-amplia-acesso-a-moradia","status":"publish","type":"post","link":"https:\/\/tvtecjundiai.com.br\/news\/2026\/09\/02\/jundiai-reforca-politica-habitacional-e-amplia-acesso-a-moradia\/","title":{"rendered":"Jundia\u00ed refor\u00e7a pol\u00edtica habitacional e amplia acesso \u00e0 moradia"},"content":{"rendered":"\n<p>A pol\u00edtica habitacional de Jundia\u00ed ganhou novos investimentos e projetos voltados \u00e0 oferta de moradias populares. O munic\u00edpio retomou o planejamento do setor e desenvolve a\u00e7\u00f5es para atender fam\u00edlias que aguardam a oportunidade de conquistar a casa pr\u00f3pria.<\/p>\n\n\n\n<p>Entre as iniciativas est\u00e1 a constru\u00e7\u00e3o de 132 moradias nos residenciais Cravos 3 e 4, no bairro Fazenda Grande. Outro avan\u00e7o \u00e9 a parceria p\u00fablico-privada que prev\u00ea a constru\u00e7\u00e3o de 1.624 apartamentos, destinados principalmente a fam\u00edlias atendidas pelo aux\u00edlio-moradia e inscritas nos programas habitacionais do munic\u00edpio.<\/p>\n\n\n\n<p>Em paralelo, a Prefeitura mant\u00e9m, em parceria com a Companhia de Desenvolvimento Habitacional e Urbano (CDHU), uma carteira de empreendimentos previstos para as regi\u00f5es do Jardim Sorocabana, Jardim S\u00e3o Camilo, Jardim Tamoio e Bairro do Poste. As propostas est\u00e3o em diferentes etapas de desenvolvimento e fazem parte do planejamento para aumentar a oferta de moradias populares em Jundia\u00ed.<\/p>\n\n\n\n<figure class=\"wp-block-image size-large\"><img loading=\"lazy\" decoding=\"async\" width=\"1200\" height=\"801\" src=\"https:\/\/tvtecjundiai.com.br\/news\/wp-content\/uploads\/sites\/2\/2026\/09\/visita_residencial_dos_cravos_acompanhamento-14-1280x854-1-1200x801.jpg\" alt=\"\" class=\"wp-image-139567\" srcset=\"https:\/\/tvtecjundiai.com.br\/news\/wp-content\/uploads\/sites\/2\/2026\/09\/visita_residencial_dos_cravos_acompanhamento-14-1280x854-1-1200x801.jpg 1200w, https:\/\/tvtecjundiai.com.br\/news\/wp-content\/uploads\/sites\/2\/2026\/09\/visita_residencial_dos_cravos_acompanhamento-14-1280x854-1-300x200.jpg 300w, https:\/\/tvtecjundiai.com.br\/news\/wp-content\/uploads\/sites\/2\/2026\/09\/visita_residencial_dos_cravos_acompanhamento-14-1280x854-1-768x512.jpg 768w, https:\/\/tvtecjundiai.com.br\/news\/wp-content\/uploads\/sites\/2\/2026\/09\/visita_residencial_dos_cravos_acompanhamento-14-1280x854-1.jpg 1280w\" sizes=\"auto, (max-width: 1200px) 100vw, 1200px\" \/><\/figure>\n\n\n\n<p>O prefeito Gustavo Martinelli destaca que a demanda por moradia est\u00e1 entre os principais desafios de Jundia\u00ed e afirma que a Prefeitura trabalha de forma permanente na busca por solu\u00e7\u00f5es. Segundo ele, a administra\u00e7\u00e3o atua na elabora\u00e7\u00e3o de projetos, na busca por recursos e na articula\u00e7\u00e3o com os governos estadual e federal para ampliar as oportunidades de atendimento \u00e0s fam\u00edlias em situa\u00e7\u00e3o de vulnerabilidade.<\/p>\n\n\n\n<p>A secret\u00e1ria municipal de Habita\u00e7\u00e3o Social, Kelly Galbieri, ressalta que os empreendimentos desenvolvidos em parceria com a CDHU ainda est\u00e3o em diferentes etapas de tramita\u00e7\u00e3o. Segundo ela, a Prefeitura trabalha para acelerar o andamento dos projetos, que precisam cumprir etapas t\u00e9cnicas e legais para garantir seguran\u00e7a e viabilidade. Kelly explica ainda que, neste momento, n\u00e3o h\u00e1 inscri\u00e7\u00f5es abertas nem previs\u00e3o oficial para o cadastramento de interessados. Quando houver autoriza\u00e7\u00e3o para a abertura das inscri\u00e7\u00f5es, a popula\u00e7\u00e3o ser\u00e1 informada pelos canais oficiais da Prefeitura.<\/p>\n\n\n\n<p>A pol\u00edtica habitacional de Jundia\u00ed avan\u00e7a em diferentes frentes, desde a elabora\u00e7\u00e3o de novos projetos at\u00e9 a busca por recursos e parcerias. Com planejamento e responsabilidade, a Prefeitura busca ampliar as oportunidades de acesso \u00e0 moradia digna e atender gradualmente \u00e0 demanda habitacional do munic\u00edpio.<\/p>\n\n\n\n<p><strong>Fonte: Prefeitura de Jundia\u00ed \/ Fotos: Fot\u00f3grafos PMJ<\/strong><\/p>\n","protected":false},"excerpt":{"rendered":"<p>Jundia\u00ed amplia os investimentos e projetos habitacionais para aumentar a oferta de moradias populares no munic\u00edpio. Entre as iniciativas est\u00e3o 132 unidades no Fazenda Grande e uma parceria p\u00fablico-privada que prev\u00ea outros 1.624 apartamentos para fam\u00edlias em situa\u00e7\u00e3o de vulnerabilidade.<\/p>\n","protected":false},"author":24,"featured_media":139566,"comment_status":"closed","ping_status":"0","sticky":false,"template":"","format":"standard","meta":{"footnotes":""},"categories":[8419,8411,5985,8391,8356,1],"tags":[],"class_list":["post-139565","post","type-post","status-publish","format-standard","has-post-thumbnail","hentry","category-direitos-humanos","category-governo-e-financas","category-habitacao","category-infraestrutura","category-jundiai","category-noticias"],"_links":{"self":[{"href":"https:\/\/tvtecjundiai.com.br\/news\/wp-json\/wp\/v2\/posts\/139565","targetHints":{"allow":["GET"]}}],"collection":[{"href":"https:\/\/tvtecjundiai.com.br\/news\/wp-json\/wp\/v2\/posts"}],"about":[{"href":"https:\/\/tvtecjundiai.com.br\/news\/wp-json\/wp\/v2\/types\/post"}],"author":[{"embeddable":true,"href":"https:\/\/tvtecjundiai.com.br\/news\/wp-json\/wp\/v2\/users\/24"}],"replies":[{"embeddable":true,"href":"https:\/\/tvtecjundiai.com.br\/news\/wp-json\/wp\/v2\/comments?post=139565"}],"version-history":[{"count":1,"href":"https:\/\/tvtecjundiai.com.br\/news\/wp-json\/wp\/v2\/posts\/139565\/revisions"}],"predecessor-version":[{"id":139568,"href":"https:\/\/tvtecjundiai.com.br\/news\/wp-json\/wp\/v2\/posts\/139565\/revisions\/139568"}],"wp:featuredmedia":[{"embeddable":true,"href":"https:\/\/tvtecjundiai.com.br\/news\/wp-json\/wp\/v2\/media\/139566"}],"wp:attachment":[{"href":"https:\/\/tvtecjundiai.com.br\/news\/wp-json\/wp\/v2\/media?parent=139565"}],"wp:term":[{"taxonomy":"category","embeddable":true,"href":"https:\/\/tvtecjundiai.com.br\/news\/wp-json\/wp\/v2\/categories?post=139565"},{"taxonomy":"post_tag","embeddable":true,"href":"https:\/\/tvtecjundiai.com.br\/news\/wp-json\/wp\/v2\/tags?post=139565"}],"curies":[{"name":"wp","href":"https:\/\/api.w.org\/{rel}","templated":true}]}}