{"id":139581,"date":"2026-09-02T12:34:34","date_gmt":"2026-09-02T15:34:34","guid":{"rendered":"https:\/\/tvtecjundiai.com.br\/news\/?p=139581"},"modified":"2026-09-02T12:34:34","modified_gmt":"2026-09-02T15:34:34","slug":"linhas-do-terminal-hortolandia-terao-novos-horarios-a-partir-do-dia-5","status":"publish","type":"post","link":"https:\/\/tvtecjundiai.com.br\/news\/2026\/09\/02\/linhas-do-terminal-hortolandia-terao-novos-horarios-a-partir-do-dia-5\/","title":{"rendered":"Linhas do Terminal Hortol\u00e2ndia ter\u00e3o novos hor\u00e1rios a partir do dia 5"},"content":{"rendered":"\n<p>A partir de 5 de setembro, passageiros das linhas que atendem o Terminal Hortol\u00e2ndia ter\u00e3o uma nova programa\u00e7\u00e3o de hor\u00e1rios, planejada para ampliar a regularidade e a confiabilidade das viagens. A iniciativa da Secretaria de Mobilidade e Transporte (SMMT) da Prefeitura de Jundia\u00ed faz parte do trabalho de reorganiza\u00e7\u00e3o do transporte coletivo realizado a partir da nova concess\u00e3o do servi\u00e7o.<\/p>\n\n\n\n<figure class=\"wp-block-image size-large\"><img loading=\"lazy\" decoding=\"async\" width=\"1200\" height=\"900\" src=\"https:\/\/tvtecjundiai.com.br\/news\/wp-content\/uploads\/sites\/2\/2026\/09\/terminal-hortolandia-1280x960-1-1200x900.jpg\" alt=\"\" class=\"wp-image-139582\" srcset=\"https:\/\/tvtecjundiai.com.br\/news\/wp-content\/uploads\/sites\/2\/2026\/09\/terminal-hortolandia-1280x960-1-1200x900.jpg 1200w, https:\/\/tvtecjundiai.com.br\/news\/wp-content\/uploads\/sites\/2\/2026\/09\/terminal-hortolandia-1280x960-1-300x225.jpg 300w, https:\/\/tvtecjundiai.com.br\/news\/wp-content\/uploads\/sites\/2\/2026\/09\/terminal-hortolandia-1280x960-1-768x576.jpg 768w, https:\/\/tvtecjundiai.com.br\/news\/wp-content\/uploads\/sites\/2\/2026\/09\/terminal-hortolandia-1280x960-1.jpg 1280w\" sizes=\"auto, (max-width: 1200px) 100vw, 1200px\" \/><figcaption class=\"wp-element-caption\">Linhas do Terminal Hortol\u00e2ndia ter\u00e3o novos hor\u00e1rios a partir do dia 5<\/figcaption><\/figure>\n\n\n\n<p>Nesta primeira etapa, ser\u00e3o contempladas as linhas 572, 573, 574, 577 e 578. Os novos hor\u00e1rios foram definidos considerando o tempo necess\u00e1rio para a realiza\u00e7\u00e3o das viagens, as caracter\u00edsticas de cada linha e as condi\u00e7\u00f5es dos respectivos trajetos. Uma das linhas tamb\u00e9m ter\u00e1 adequa\u00e7\u00e3o no itiner\u00e1rio.<\/p>\n\n\n\n<p><\/p>\n\n\n\n<p><strong>Programa\u00e7\u00e3o de hor\u00e1rios ser\u00e1 atualizada<\/strong><br>Entre as principais medidas est\u00e1 a reprograma\u00e7\u00e3o dos hor\u00e1rios de segunda a domingo. A nova programa\u00e7\u00e3o considera tempos de percurso mais compat\u00edveis com a opera\u00e7\u00e3o real das linhas, permitindo que as viagens sejam realizadas dentro dos intervalos previstos e reduzindo o risco de atrasos.<\/p>\n\n\n\n<p>Nas linhas 572, 574 e 577, haver\u00e1 reprograma\u00e7\u00e3o dos hor\u00e1rios de segunda a domingo.<\/p>\n\n\n\n<p>A linha 573, que atende o bairro do Engordadouro, tamb\u00e9m passar\u00e1 por reprograma\u00e7\u00e3o de hor\u00e1rios de segunda a domingo. A regi\u00e3o apresenta expans\u00e3o populacional e de servi\u00e7os e, como novidade, ter\u00e1 acr\u00e9scimo de hor\u00e1rios, atendendo a solicita\u00e7\u00f5es dos usu\u00e1rios e proporcionando menor intervalo entre as viagens aos s\u00e1bados, domingos e feriados.<\/p>\n\n\n\n<p>J\u00e1 a linha 578, al\u00e9m da reprograma\u00e7\u00e3o dos hor\u00e1rios de segunda a domingo, ter\u00e1 a unifica\u00e7\u00e3o dos itiner\u00e1rios A e B, ampliando o atendimento ao Jardim Calif\u00f3rnia.<\/p>\n\n\n\n<p><strong>Revis\u00e3o ser\u00e1 ampliada para outras linhas<\/strong><br>As demais linhas do Terminal Hortol\u00e2ndia j\u00e1 est\u00e3o sendo avaliadas e ser\u00e3o reprogramadas em uma segunda etapa, finalizando a sua revis\u00e3o.<\/p>\n\n\n\n<p>As novas tabelas hor\u00e1rias dos \u00f4nibus de Jundia\u00ed est\u00e3o dispon\u00edveis no site oficial do Sistema Integrado de Transporte Urbano (SITU)&nbsp;<a href=\"https:\/\/situ.jundiai.sp.gov.br\/\">https:\/\/situ.jundiai.sp.gov.br\/<\/a>&nbsp;e nos aplicativos Cittamobi e Google Maps.<\/p>\n\n\n\n<p>Os usu\u00e1rios podem acompanhar, em tempo real, hor\u00e1rios, trajetos e a localiza\u00e7\u00e3o dos \u00f4nibus por meio dessas plataformas. Informes ser\u00e3o afixados nas plataformas das linhas envolvidas, e toda a altera\u00e7\u00e3o ser\u00e1 monitorada para an\u00e1lise dos resultados e poss\u00edveis adequa\u00e7\u00f5es.<\/p>\n\n\n\n<p><\/p>\n\n\n\n<p>Fonte \/ Imagem: Prefeitura de Jundia\u00ed<\/p>\n","protected":false},"excerpt":{"rendered":"<p>A iniciativa da Secretaria de Mobilidade e Transporte (SMMT) da Prefeitura de Jundia\u00ed faz parte do trabalho de reorganiza\u00e7\u00e3o do transporte coletivo realizado a partir da nova concess\u00e3o do servi\u00e7o<\/p>\n","protected":false},"author":24,"featured_media":139583,"comment_status":"closed","ping_status":"0","sticky":false,"template":"","format":"standard","meta":{"footnotes":""},"categories":[29,3059],"tags":[],"class_list":["post-139581","post","type-post","status-publish","format-standard","has-post-thumbnail","hentry","category-destaque","category-transportes"],"_links":{"self":[{"href":"https:\/\/tvtecjundiai.com.br\/news\/wp-json\/wp\/v2\/posts\/139581","targetHints":{"allow":["GET"]}}],"collection":[{"href":"https:\/\/tvtecjundiai.com.br\/news\/wp-json\/wp\/v2\/posts"}],"about":[{"href":"https:\/\/tvtecjundiai.com.br\/news\/wp-json\/wp\/v2\/types\/post"}],"author":[{"embeddable":true,"href":"https:\/\/tvtecjundiai.com.br\/news\/wp-json\/wp\/v2\/users\/24"}],"replies":[{"embeddable":true,"href":"https:\/\/tvtecjundiai.com.br\/news\/wp-json\/wp\/v2\/comments?post=139581"}],"version-history":[{"count":1,"href":"https:\/\/tvtecjundiai.com.br\/news\/wp-json\/wp\/v2\/posts\/139581\/revisions"}],"predecessor-version":[{"id":139584,"href":"https:\/\/tvtecjundiai.com.br\/news\/wp-json\/wp\/v2\/posts\/139581\/revisions\/139584"}],"wp:featuredmedia":[{"embeddable":true,"href":"https:\/\/tvtecjundiai.com.br\/news\/wp-json\/wp\/v2\/media\/139583"}],"wp:attachment":[{"href":"https:\/\/tvtecjundiai.com.br\/news\/wp-json\/wp\/v2\/media?parent=139581"}],"wp:term":[{"taxonomy":"category","embeddable":true,"href":"https:\/\/tvtecjundiai.com.br\/news\/wp-json\/wp\/v2\/categories?post=139581"},{"taxonomy":"post_tag","embeddable":true,"href":"https:\/\/tvtecjundiai.com.br\/news\/wp-json\/wp\/v2\/tags?post=139581"}],"curies":[{"name":"wp","href":"https:\/\/api.w.org\/{rel}","templated":true}]}}