{"id":139589,"date":"2026-09-03T08:00:00","date_gmt":"2026-09-03T11:00:00","guid":{"rendered":"https:\/\/tvtecjundiai.com.br\/news\/?p=139589"},"modified":"2026-09-03T10:13:37","modified_gmt":"2026-09-03T13:13:37","slug":"bienal-do-livro-comeca-nesta-sexta-4-e-jundiai-tambem-tem-programacao-literaria","status":"publish","type":"post","link":"https:\/\/tvtecjundiai.com.br\/news\/2026\/09\/03\/bienal-do-livro-comeca-nesta-sexta-4-e-jundiai-tambem-tem-programacao-literaria\/","title":{"rendered":"Bienal do Livro come\u00e7a nesta sexta (4) e Jundia\u00ed tamb\u00e9m tem\u00a0programa\u00e7\u00e3o liter\u00e1ria"},"content":{"rendered":"\n<p><em>S\u00e3o Paulo recebe a 28\u00aa edi\u00e7\u00e3o da Bienal Internacional do Livro e Jundia\u00ed se prepara para a 7\u00aa Feira Liter\u00e1ria, no Espa\u00e7o Expressa<\/em><br><\/p>\n\n\n<div class=\"wp-block-image\">\n<figure class=\"aligncenter size-large is-resized\"><img loading=\"lazy\" decoding=\"async\" width=\"1200\" height=\"800\" src=\"https:\/\/tvtecjundiai.com.br\/news\/wp-content\/uploads\/sites\/2\/2026\/09\/Livros-1200x800.png\" alt=\"\" class=\"wp-image-139590\" style=\"width:731px;height:auto\" srcset=\"https:\/\/tvtecjundiai.com.br\/news\/wp-content\/uploads\/sites\/2\/2026\/09\/Livros-1200x800.png 1200w, https:\/\/tvtecjundiai.com.br\/news\/wp-content\/uploads\/sites\/2\/2026\/09\/Livros-300x200.png 300w, https:\/\/tvtecjundiai.com.br\/news\/wp-content\/uploads\/sites\/2\/2026\/09\/Livros-768x512.png 768w, https:\/\/tvtecjundiai.com.br\/news\/wp-content\/uploads\/sites\/2\/2026\/09\/Livros.png 1280w\" sizes=\"auto, (max-width: 1200px) 100vw, 1200px\" \/><\/figure>\n<\/div>\n\n\n<p><\/p>\n\n\n\n<p>A 28\u00aa Bienal Internacional do Livro de S\u00e3o Paulo come\u00e7a nesta sexta-feira (4) e re\u00fane cerca de 269 expositores, entre eles est\u00e3o nomes renomados da literatura brasileira e internacional. A edi\u00e7\u00e3o deste ano acontece at\u00e9 o dia 13 de setembro e espera atrair mais de 700 mil visitantes.&nbsp;&nbsp;<\/p>\n\n\n\n<p>O evento tamb\u00e9m conta com um transfer gratuito entre a esta\u00e7\u00e3o Portuguesa-Tiet\u00ea e o Distrito Anhembi, onde ocorre a Bienal. A Bienal tem como principal conceito \u201cUm Festival de Emo\u00e7\u00f5es\u201d e traz como convidados Raphael Montes, Concei\u00e7\u00e3o Evaristo, Socorro Acioli, Alice Oseman, Lynn Painter e muitos outros, al\u00e9m de escolher a Espanha como o pa\u00eds a ser o homenageado do evento.&nbsp;<\/p>\n\n\n\n<p><strong>Feira Liter\u00e1ria de Jundia\u00ed (FLIJ)<\/strong><\/p>\n\n\n\n<p>Jundia\u00ed tamb\u00e9m tem uma programa\u00e7\u00e3o repleta de literatura. Entre os dias 24 e 27 de setembro acontece, no Espa\u00e7o Expressa, a 7\u00aa edi\u00e7\u00e3o da Feira Liter\u00e1ria de Jundia\u00ed (FLIJ). O evento re\u00fane diversas editoras e autores nacionais, entre os nomes de destaques est\u00e3o Chico Felitti e Itamar Vieira Junior. A feira tamb\u00e9m conta com entrada gratuita e um espa\u00e7o gastron\u00f4mico para os visitantes.\u00a0<\/p>\n\n\n\n<p><strong><em>M\u00eddias TVTEC Jundia\u00ed<\/em><\/strong><\/p>\n\n\n\n<p><\/p>\n","protected":false},"excerpt":{"rendered":"<p>S\u00e3o Paulo recebe a 28\u00aa edi\u00e7\u00e3o da Bienal Internacional do Livro e Jundia\u00ed se prepara para a 7\u00aa Feira Liter\u00e1ria, no Espa\u00e7o Expressa A 28\u00aa Bienal Internacional do Livro de S\u00e3o Paulo come\u00e7a nesta sexta-feira (4) e re\u00fane cerca de 269 expositores, entre eles est\u00e3o nomes renomados da literatura brasileira e internacional. A edi\u00e7\u00e3o deste [&hellip;]<\/p>\n","protected":false},"author":45,"featured_media":139590,"comment_status":"closed","ping_status":"0","sticky":false,"template":"","format":"standard","meta":{"footnotes":""},"categories":[29,1],"tags":[],"class_list":["post-139589","post","type-post","status-publish","format-standard","has-post-thumbnail","hentry","category-destaque","category-noticias"],"_links":{"self":[{"href":"https:\/\/tvtecjundiai.com.br\/news\/wp-json\/wp\/v2\/posts\/139589","targetHints":{"allow":["GET"]}}],"collection":[{"href":"https:\/\/tvtecjundiai.com.br\/news\/wp-json\/wp\/v2\/posts"}],"about":[{"href":"https:\/\/tvtecjundiai.com.br\/news\/wp-json\/wp\/v2\/types\/post"}],"author":[{"embeddable":true,"href":"https:\/\/tvtecjundiai.com.br\/news\/wp-json\/wp\/v2\/users\/45"}],"replies":[{"embeddable":true,"href":"https:\/\/tvtecjundiai.com.br\/news\/wp-json\/wp\/v2\/comments?post=139589"}],"version-history":[{"count":3,"href":"https:\/\/tvtecjundiai.com.br\/news\/wp-json\/wp\/v2\/posts\/139589\/revisions"}],"predecessor-version":[{"id":139614,"href":"https:\/\/tvtecjundiai.com.br\/news\/wp-json\/wp\/v2\/posts\/139589\/revisions\/139614"}],"wp:featuredmedia":[{"embeddable":true,"href":"https:\/\/tvtecjundiai.com.br\/news\/wp-json\/wp\/v2\/media\/139590"}],"wp:attachment":[{"href":"https:\/\/tvtecjundiai.com.br\/news\/wp-json\/wp\/v2\/media?parent=139589"}],"wp:term":[{"taxonomy":"category","embeddable":true,"href":"https:\/\/tvtecjundiai.com.br\/news\/wp-json\/wp\/v2\/categories?post=139589"},{"taxonomy":"post_tag","embeddable":true,"href":"https:\/\/tvtecjundiai.com.br\/news\/wp-json\/wp\/v2\/tags?post=139589"}],"curies":[{"name":"wp","href":"https:\/\/api.w.org\/{rel}","templated":true}]}}