{"id":139593,"date":"2026-09-03T06:50:23","date_gmt":"2026-09-03T09:50:23","guid":{"rendered":"https:\/\/tvtecjundiai.com.br\/news\/?p=139593"},"modified":"2026-09-03T06:50:23","modified_gmt":"2026-09-03T09:50:23","slug":"bazar-do-hospital-sao-vicente-une-compras-e-solidariedade-nos-dias-8-e-9-de-setembro","status":"publish","type":"post","link":"https:\/\/tvtecjundiai.com.br\/news\/2026\/09\/03\/bazar-do-hospital-sao-vicente-une-compras-e-solidariedade-nos-dias-8-e-9-de-setembro\/","title":{"rendered":"Bazar do Hospital S\u00e3o Vicente une compras e solidariedade nos dias 8 e 9 de setembro"},"content":{"rendered":"\n<p>O Hospital de Caridade S\u00e3o Vicente de Paulo (HSV) realiza, nos dias 8 e 9 de setembro, mais uma edi\u00e7\u00e3o do seu tradicional Bazar do Voluntariado. O evento acontece na ter\u00e7a e quarta-feira p\u00f3s-feriado, das 8h \u00e0s 16h, na\u00a0Rua Dr. Leonardo Cavalcanti, 350, no Centro de Jundia\u00ed, sendo aberto \u00e0 participa\u00e7\u00e3o de colaboradores e de toda a comunidade.<\/p>\n\n\n\n<figure class=\"wp-block-image size-large\"><img loading=\"lazy\" decoding=\"async\" width=\"1200\" height=\"757\" src=\"https:\/\/tvtecjundiai.com.br\/news\/wp-content\/uploads\/sites\/2\/2026\/09\/image-4-1200x757.png\" alt=\"\" class=\"wp-image-139595\" srcset=\"https:\/\/tvtecjundiai.com.br\/news\/wp-content\/uploads\/sites\/2\/2026\/09\/image-4-1200x757.png 1200w, https:\/\/tvtecjundiai.com.br\/news\/wp-content\/uploads\/sites\/2\/2026\/09\/image-4-300x189.png 300w, https:\/\/tvtecjundiai.com.br\/news\/wp-content\/uploads\/sites\/2\/2026\/09\/image-4-768x484.png 768w, https:\/\/tvtecjundiai.com.br\/news\/wp-content\/uploads\/sites\/2\/2026\/09\/image-4.png 1280w\" sizes=\"auto, (max-width: 1200px) 100vw, 1200px\" \/><figcaption class=\"wp-element-caption\">A diversidade de produtos atende \u00e0s necessidades de diferentes p\u00fablicos<br><\/figcaption><\/figure>\n\n\n\n<p>Al\u00e9m da oportunidade para garimpar produtos de qualidade a pre\u00e7os acess\u00edveis, o Bazar desempenha um papel fundamental no suporte social \u00e0 popula\u00e7\u00e3o. Todo o valor arrecadado com as vendas \u00e9 diretamente revertido para o custeio de iniciativas do Voluntariado do HSV, dentro e fora do Hospital S\u00e3o Vicente.<\/p>\n\n\n\n<p>Entre os itens \u00e0 venda, os visitantes encontram pe\u00e7as novas e usadas em \u00f3timo estado de conserva\u00e7\u00e3o, incluindo vestu\u00e1rio adulto e infantil, cal\u00e7ados, acess\u00f3rios, artigos de cama, mesa e banho, utilidades dom\u00e9sticas, brinquedos e livros a partir de R$ 3. Todos os produtos passam por uma rigorosa triagem e curadoria realizada pelas volunt\u00e1rias antes de serem comercializados.<\/p>\n\n\n\n<p><\/p>\n\n\n\n<figure class=\"wp-block-image size-large\"><img loading=\"lazy\" decoding=\"async\" width=\"1200\" height=\"675\" src=\"https:\/\/tvtecjundiai.com.br\/news\/wp-content\/uploads\/sites\/2\/2026\/09\/image-5-1200x675.png\" alt=\"\" class=\"wp-image-139594\" srcset=\"https:\/\/tvtecjundiai.com.br\/news\/wp-content\/uploads\/sites\/2\/2026\/09\/image-5-1200x675.png 1200w, https:\/\/tvtecjundiai.com.br\/news\/wp-content\/uploads\/sites\/2\/2026\/09\/image-5-300x169.png 300w, https:\/\/tvtecjundiai.com.br\/news\/wp-content\/uploads\/sites\/2\/2026\/09\/image-5-768x432.png 768w, https:\/\/tvtecjundiai.com.br\/news\/wp-content\/uploads\/sites\/2\/2026\/09\/image-5.png 1280w\" sizes=\"auto, (max-width: 1200px) 100vw, 1200px\" \/><figcaption class=\"wp-element-caption\">Todas as pe\u00e7as dispon\u00edveis passam por uma sele\u00e7\u00e3o cuidadosa das volunt\u00e1rias do Hospital S\u00e3o Vicente<br><\/figcaption><\/figure>\n\n\n\n<p>As compras podem ser pagas em dinheiro, Pix ou cart\u00e3o de d\u00e9bito. \u201cA iniciativa mant\u00e9m firme uma corrente do bem em que a economia para quem compra se transforma em amparo, dignidade e acolhimento para quem mais precisa&#8221;, explica a coordenadora do Voluntariado, Cyzinha Toniolo.<\/p>\n\n\n\n<p><\/p>\n\n\n\n<div class=\"wp-block-group is-vertical is-layout-flex wp-container-core-group-is-layout-8cf370e7 wp-block-group-is-layout-flex\">\n<p><strong>Doa\u00e7\u00f5es<\/strong><\/p>\n\n\n\n<p>Para continuar funcionando, o Bazar do Hospital S\u00e3o Vicente depende do recebimento de doa\u00e7\u00f5es por parte da popula\u00e7\u00e3o. Os interessados podem entregar os itens em bom estado \u00e0s quartas-feiras, das 14h \u00e0s 16h, no mesmo endere\u00e7o em que \u00e9 realizado o evento:\u00a0Rua Dr. Leonardo Cavalcanti, 350, Centro.<\/p>\n<\/div>\n\n\n\n<p><\/p>\n\n\n\n<p><\/p>\n\n\n\n<p>Assessoria de Comunica\u00e7\u00e3o &#8211; Hospital de Caridade S\u00e3o Vicente de Paulo<\/p>\n","protected":false},"excerpt":{"rendered":"<p>Evento conta com op\u00e7\u00f5es para toda a fam\u00edlia e valores a partir de R$ 3<\/p>\n","protected":false},"author":24,"featured_media":139596,"comment_status":"closed","ping_status":"0","sticky":false,"template":"","format":"standard","meta":{"footnotes":""},"categories":[29,8431],"tags":[],"class_list":["post-139593","post","type-post","status-publish","format-standard","has-post-thumbnail","hentry","category-destaque","category-hospital-sao-vicente"],"_links":{"self":[{"href":"https:\/\/tvtecjundiai.com.br\/news\/wp-json\/wp\/v2\/posts\/139593","targetHints":{"allow":["GET"]}}],"collection":[{"href":"https:\/\/tvtecjundiai.com.br\/news\/wp-json\/wp\/v2\/posts"}],"about":[{"href":"https:\/\/tvtecjundiai.com.br\/news\/wp-json\/wp\/v2\/types\/post"}],"author":[{"embeddable":true,"href":"https:\/\/tvtecjundiai.com.br\/news\/wp-json\/wp\/v2\/users\/24"}],"replies":[{"embeddable":true,"href":"https:\/\/tvtecjundiai.com.br\/news\/wp-json\/wp\/v2\/comments?post=139593"}],"version-history":[{"count":1,"href":"https:\/\/tvtecjundiai.com.br\/news\/wp-json\/wp\/v2\/posts\/139593\/revisions"}],"predecessor-version":[{"id":139597,"href":"https:\/\/tvtecjundiai.com.br\/news\/wp-json\/wp\/v2\/posts\/139593\/revisions\/139597"}],"wp:featuredmedia":[{"embeddable":true,"href":"https:\/\/tvtecjundiai.com.br\/news\/wp-json\/wp\/v2\/media\/139596"}],"wp:attachment":[{"href":"https:\/\/tvtecjundiai.com.br\/news\/wp-json\/wp\/v2\/media?parent=139593"}],"wp:term":[{"taxonomy":"category","embeddable":true,"href":"https:\/\/tvtecjundiai.com.br\/news\/wp-json\/wp\/v2\/categories?post=139593"},{"taxonomy":"post_tag","embeddable":true,"href":"https:\/\/tvtecjundiai.com.br\/news\/wp-json\/wp\/v2\/tags?post=139593"}],"curies":[{"name":"wp","href":"https:\/\/api.w.org\/{rel}","templated":true}]}}