{"id":139598,"date":"2026-09-03T07:09:59","date_gmt":"2026-09-03T10:09:59","guid":{"rendered":"https:\/\/tvtecjundiai.com.br\/news\/?p=139598"},"modified":"2026-09-03T07:09:59","modified_gmt":"2026-09-03T10:09:59","slug":"esporte-em-30-desta-semana-destaca-tres-decadas-de-jornalismo-de-patricia-baptista","status":"publish","type":"post","link":"https:\/\/tvtecjundiai.com.br\/news\/2026\/09\/03\/esporte-em-30-desta-semana-destaca-tres-decadas-de-jornalismo-de-patricia-baptista\/","title":{"rendered":"Esporte em 30 desta semana destaca tr\u00eas d\u00e9cadas de jornalismo de Patr\u00edcia Baptista"},"content":{"rendered":"\n<p>O <em>Esporte em 30 <\/em>desta semana destaca a trajet\u00f3ria da jornalista Patr\u00edcia Batista, que completa 30 anos de profiss\u00e3o com uma carreira marcada por diferentes \u00e1reas da comunica\u00e7\u00e3o e, principalmente, por sua atua\u00e7\u00e3o no jornalismo esportivo.<\/p>\n\n\n\n<figure class=\"wp-block-image size-full\"><img loading=\"lazy\" decoding=\"async\" width=\"1200\" height=\"896\" src=\"https:\/\/tvtecjundiai.com.br\/news\/wp-content\/uploads\/sites\/2\/2026\/09\/Gemini_Generated_Image_ccl965ccl965ccl9.jpg\" alt=\"\" class=\"wp-image-139599\" style=\"aspect-ratio:1;object-fit:cover\" srcset=\"https:\/\/tvtecjundiai.com.br\/news\/wp-content\/uploads\/sites\/2\/2026\/09\/Gemini_Generated_Image_ccl965ccl965ccl9.jpg 1200w, https:\/\/tvtecjundiai.com.br\/news\/wp-content\/uploads\/sites\/2\/2026\/09\/Gemini_Generated_Image_ccl965ccl965ccl9-300x224.jpg 300w, https:\/\/tvtecjundiai.com.br\/news\/wp-content\/uploads\/sites\/2\/2026\/09\/Gemini_Generated_Image_ccl965ccl965ccl9-768x573.jpg 768w\" sizes=\"auto, (max-width: 1200px) 100vw, 1200px\" \/><figcaption class=\"wp-element-caption\">Esporte em 30 desta semana destaca tr\u00eas d\u00e9cadas de jornalismo de Patr\u00edcia Baptista<\/figcaption><\/figure>\n\n\n\n<p><br>A rela\u00e7\u00e3o de Patr\u00edcia com o jornalismo esportivo ganhou destaque especialmente durante os 11 anos em que trabalhou na TVE, atual TVTEC, per\u00edodo em que sua atua\u00e7\u00e3o foi voltada ao esporte. Posteriormente, durante outros quatro anos no Jornal de Jundia\u00ed, tamb\u00e9m teve o jornalismo esportivo como uma de suas principais \u00e1reas de atua\u00e7\u00e3o.<\/p>\n\n\n\n<p>A experi\u00eancia na \u00e1rea tamb\u00e9m foi acompanhada de forma\u00e7\u00e3o espec\u00edfica. Patr\u00edcia realizou um curso de Jornalismo Esportivo no Sindicato dos Jornalistas Profissionais no Estado de S\u00e3o Paulo, ampliando sua prepara\u00e7\u00e3o para a cobertura de competi\u00e7\u00f5es, atletas e diferentes modalidades.<br><\/p>\n\n\n\n<p>Ao longo dessa trajet\u00f3ria, a jornalista acompanhou e produziu conte\u00fados sobre diversos personagens e momentos do esporte, contribuindo para registrar parte da hist\u00f3ria esportiva de Jundia\u00ed. No Esporte em 30 desta quinta-feira (3), o p\u00fablico poder\u00e1 rever parte desse trabalho por meio de dois VTs produzidos por Patr\u00edcia.<\/p>\n\n\n\n<p>Um deles apresenta uma entrevista com Israel Bernardi, um dos grandes nomes da hist\u00f3ria do ciclismo de Jundia\u00ed. Durante a conversa, o atleta relembra momentos marcantes de sua carreira e se emociona ao falar sobre sua trajet\u00f3ria no esporte.<br><\/p>\n\n\n\n<p>O segundo VT resgata um momento do v\u00f4lei feminino, com o confronto entre Leites Nestl\u00e9 e Dayvit. A reportagem traz imagens da partida e a participa\u00e7\u00e3o de Jos\u00e9 Roberto Guimar\u00e3es, um dos principais nomes da hist\u00f3ria do voleibol brasileiro.<br><\/p>\n\n\n\n<p>A participa\u00e7\u00e3o de Patr\u00edcia no epis\u00f3dio tamb\u00e9m refor\u00e7a a import\u00e2ncia dos profissionais que ajudaram a construir a hist\u00f3ria da comunica\u00e7\u00e3o esportiva e televisiva de Jundia\u00ed, deixando registros que continuam sendo revisitados anos depois.<br><\/p>\n\n\n\n<div class=\"wp-block-columns is-layout-flex wp-container-core-columns-is-layout-9d6595d7 wp-block-columns-is-layout-flex\">\n<div class=\"wp-block-column is-layout-flow wp-block-column-is-layout-flow\">\n<figure class=\"wp-block-image size-large\"><img loading=\"lazy\" decoding=\"async\" width=\"720\" height=\"960\" src=\"https:\/\/tvtecjundiai.com.br\/news\/wp-content\/uploads\/sites\/2\/2026\/09\/e9b345d0-9361-47ce-917c-e3a4abfadb48-720x960.jpg\" alt=\"\" class=\"wp-image-139600\" style=\"aspect-ratio:1;object-fit:cover\" srcset=\"https:\/\/tvtecjundiai.com.br\/news\/wp-content\/uploads\/sites\/2\/2026\/09\/e9b345d0-9361-47ce-917c-e3a4abfadb48-720x960.jpg 720w, https:\/\/tvtecjundiai.com.br\/news\/wp-content\/uploads\/sites\/2\/2026\/09\/e9b345d0-9361-47ce-917c-e3a4abfadb48-300x400.jpg 300w, https:\/\/tvtecjundiai.com.br\/news\/wp-content\/uploads\/sites\/2\/2026\/09\/e9b345d0-9361-47ce-917c-e3a4abfadb48-768x1024.jpg 768w, https:\/\/tvtecjundiai.com.br\/news\/wp-content\/uploads\/sites\/2\/2026\/09\/e9b345d0-9361-47ce-917c-e3a4abfadb48-1152x1536.jpg 1152w, https:\/\/tvtecjundiai.com.br\/news\/wp-content\/uploads\/sites\/2\/2026\/09\/e9b345d0-9361-47ce-917c-e3a4abfadb48.jpg 1200w\" sizes=\"auto, (max-width: 720px) 100vw, 720px\" \/><\/figure>\n<\/div>\n\n\n\n<div class=\"wp-block-column is-layout-flow wp-block-column-is-layout-flow\">\n<figure class=\"wp-block-image size-large\"><img loading=\"lazy\" decoding=\"async\" width=\"720\" height=\"960\" src=\"https:\/\/tvtecjundiai.com.br\/news\/wp-content\/uploads\/sites\/2\/2026\/09\/99a2581c-68d8-4277-8ac1-1ded435d061b-720x960.jpg\" alt=\"\" class=\"wp-image-139602\" style=\"aspect-ratio:1;object-fit:cover\" srcset=\"https:\/\/tvtecjundiai.com.br\/news\/wp-content\/uploads\/sites\/2\/2026\/09\/99a2581c-68d8-4277-8ac1-1ded435d061b-720x960.jpg 720w, https:\/\/tvtecjundiai.com.br\/news\/wp-content\/uploads\/sites\/2\/2026\/09\/99a2581c-68d8-4277-8ac1-1ded435d061b-300x400.jpg 300w, https:\/\/tvtecjundiai.com.br\/news\/wp-content\/uploads\/sites\/2\/2026\/09\/99a2581c-68d8-4277-8ac1-1ded435d061b-768x1024.jpg 768w, https:\/\/tvtecjundiai.com.br\/news\/wp-content\/uploads\/sites\/2\/2026\/09\/99a2581c-68d8-4277-8ac1-1ded435d061b-1152x1536.jpg 1152w, https:\/\/tvtecjundiai.com.br\/news\/wp-content\/uploads\/sites\/2\/2026\/09\/99a2581c-68d8-4277-8ac1-1ded435d061b.jpg 1200w\" sizes=\"auto, (max-width: 720px) 100vw, 720px\" \/><\/figure>\n<\/div>\n<\/div>\n\n\n\n<p><\/p>\n\n\n\n<p>Com apresenta\u00e7\u00e3o dos jornalistas Rivelino Teixeira e M\u00e1rcio Teixeira, o Esporte em 30 re\u00fane entrevistas, reportagens e imagens de arquivo para resgatar personagens e momentos que fazem parte da hist\u00f3ria do esporte.<br><\/p>\n\n\n\n<p>O programa vai ao ar nesta quinta-feira (3), \u00e0s 19h, pelo canal 24 da Claro TV, e \u00e0s 19h30, pelo canal da TVTEC Jundia\u00ed no YouTube.<\/p>\n\n\n\n<p><\/p>\n\n\n\n<p>Reda\u00e7\u00e3o TVTEC<\/p>\n","protected":false},"excerpt":{"rendered":"<p>A rela\u00e7\u00e3o de Patr\u00edcia com o jornalismo esportivo ganhou destaque especialmente durante os 11 anos em que trabalhou na TVE, atual TVTEC<\/p>\n","protected":false},"author":24,"featured_media":139599,"comment_status":"closed","ping_status":"0","sticky":false,"template":"","format":"standard","meta":{"footnotes":""},"categories":[29,8523],"tags":[],"class_list":["post-139598","post","type-post","status-publish","format-standard","has-post-thumbnail","hentry","category-destaque","category-esporte-em-30"],"_links":{"self":[{"href":"https:\/\/tvtecjundiai.com.br\/news\/wp-json\/wp\/v2\/posts\/139598","targetHints":{"allow":["GET"]}}],"collection":[{"href":"https:\/\/tvtecjundiai.com.br\/news\/wp-json\/wp\/v2\/posts"}],"about":[{"href":"https:\/\/tvtecjundiai.com.br\/news\/wp-json\/wp\/v2\/types\/post"}],"author":[{"embeddable":true,"href":"https:\/\/tvtecjundiai.com.br\/news\/wp-json\/wp\/v2\/users\/24"}],"replies":[{"embeddable":true,"href":"https:\/\/tvtecjundiai.com.br\/news\/wp-json\/wp\/v2\/comments?post=139598"}],"version-history":[{"count":2,"href":"https:\/\/tvtecjundiai.com.br\/news\/wp-json\/wp\/v2\/posts\/139598\/revisions"}],"predecessor-version":[{"id":139605,"href":"https:\/\/tvtecjundiai.com.br\/news\/wp-json\/wp\/v2\/posts\/139598\/revisions\/139605"}],"wp:featuredmedia":[{"embeddable":true,"href":"https:\/\/tvtecjundiai.com.br\/news\/wp-json\/wp\/v2\/media\/139599"}],"wp:attachment":[{"href":"https:\/\/tvtecjundiai.com.br\/news\/wp-json\/wp\/v2\/media?parent=139598"}],"wp:term":[{"taxonomy":"category","embeddable":true,"href":"https:\/\/tvtecjundiai.com.br\/news\/wp-json\/wp\/v2\/categories?post=139598"},{"taxonomy":"post_tag","embeddable":true,"href":"https:\/\/tvtecjundiai.com.br\/news\/wp-json\/wp\/v2\/tags?post=139598"}],"curies":[{"name":"wp","href":"https:\/\/api.w.org\/{rel}","templated":true}]}}