{"id":139617,"date":"2026-09-03T10:47:04","date_gmt":"2026-09-03T13:47:04","guid":{"rendered":"https:\/\/tvtecjundiai.com.br\/news\/?p=139617"},"modified":"2026-09-03T10:47:04","modified_gmt":"2026-09-03T13:47:04","slug":"jundiai-inicia-instalacao-de-iluminacao-led-no-parque-sao-luiz-e-jundiai-mirim","status":"publish","type":"post","link":"https:\/\/tvtecjundiai.com.br\/news\/2026\/09\/03\/jundiai-inicia-instalacao-de-iluminacao-led-no-parque-sao-luiz-e-jundiai-mirim\/","title":{"rendered":"Jundia\u00ed inicia instala\u00e7\u00e3o de ilumina\u00e7\u00e3o LED no Parque S\u00e3o Luiz e Jundia\u00ed-Mirim"},"content":{"rendered":"\n<figure class=\"wp-block-image size-large\"><img loading=\"lazy\" decoding=\"async\" width=\"1200\" height=\"801\" src=\"https:\/\/tvtecjundiai.com.br\/news\/wp-content\/uploads\/sites\/2\/2026\/09\/led_jundiai_mirim_d-11-1280x854-3-1200x801.jpg\" alt=\"\" class=\"wp-image-139620\" srcset=\"https:\/\/tvtecjundiai.com.br\/news\/wp-content\/uploads\/sites\/2\/2026\/09\/led_jundiai_mirim_d-11-1280x854-3-1200x801.jpg 1200w, https:\/\/tvtecjundiai.com.br\/news\/wp-content\/uploads\/sites\/2\/2026\/09\/led_jundiai_mirim_d-11-1280x854-3-300x200.jpg 300w, https:\/\/tvtecjundiai.com.br\/news\/wp-content\/uploads\/sites\/2\/2026\/09\/led_jundiai_mirim_d-11-1280x854-3-768x512.jpg 768w, https:\/\/tvtecjundiai.com.br\/news\/wp-content\/uploads\/sites\/2\/2026\/09\/led_jundiai_mirim_d-11-1280x854-3.jpg 1280w\" sizes=\"auto, (max-width: 1200px) 100vw, 1200px\" \/><\/figure>\n\n\n\n<p>A Prefeitura de Jundia\u00ed iniciou a instala\u00e7\u00e3o de 137 lumin\u00e1rias de tecnologia LED em avenidas dos bairros Parque S\u00e3o Luiz e Jundia\u00ed-Mirim. O trabalho, realizado pelo Departamento de Ilumina\u00e7\u00e3o P\u00fablica da Secretaria de Infraestrutura e Servi\u00e7os P\u00fablicos (SMISP), substitui as antigas l\u00e2mpadas a vapor pela nova tecnologia.<\/p>\n\n\n\n<p>As interven\u00e7\u00f5es contemplam as seguintes vias:<\/p>\n\n\n\n<ul class=\"wp-block-list\">\n<li>Avenida Vit\u00f3rio Pavan;<\/li>\n\n\n\n<li>Avenida Francisco Anholon;<\/li>\n\n\n\n<li>Avenida Clarice de Souza Almeida;<\/li>\n\n\n\n<li>Avenida Padre Evaristo Afonso;<\/li>\n\n\n\n<li>Avenida Jo\u00e3o Toresin;<\/li>\n\n\n\n<li>Avenida Ant\u00f4nio Raimundo de Oliveira.<\/li>\n<\/ul>\n\n\n\n<p>A substitui\u00e7\u00e3o dos equipamentos faz parte do Programa de Moderniza\u00e7\u00e3o da Ilumina\u00e7\u00e3o P\u00fablica de Jundia\u00ed, que prev\u00ea a amplia\u00e7\u00e3o gradual do uso da tecnologia LED em toda a cidade.<\/p>\n\n\n\n<p>Al\u00e9m de proporcionar maior efici\u00eancia energ\u00e9tica, as novas lumin\u00e1rias melhoram a qualidade da ilumina\u00e7\u00e3o das vias e contribuem para mais seguran\u00e7a e conforto \u00e0 popula\u00e7\u00e3o.<\/p>\n\n\n\n<p>Segundo o secret\u00e1rio da SMISP, Jeferson Coimbra, a moderniza\u00e7\u00e3o segue um cronograma elaborado pelas equipes t\u00e9cnicas, com prioriza\u00e7\u00e3o das regi\u00f5es conforme o planejamento. Ele destaca que a tecnologia LED proporciona economia e melhora a qualidade da ilumina\u00e7\u00e3o dos espa\u00e7os p\u00fablicos.<\/p>\n\n\n\n<p>As interven\u00e7\u00f5es s\u00e3o realizadas diariamente em diferentes regi\u00f5es da cidade. Desde o in\u00edcio do programa de moderniza\u00e7\u00e3o, mais de 6 mil l\u00e2mpadas j\u00e1 foram substitu\u00eddas por equipamentos de LED em Jundia\u00ed.<\/p>\n\n\n\n<p><strong>Fonte: Prefeitura de Jundia\u00ed \/ Imagem: \u00a0Fot\u00f3grafo PMJ<\/strong><\/p>\n","protected":false},"excerpt":{"rendered":"<p>A Prefeitura de Jundia\u00ed iniciou a instala\u00e7\u00e3o de 137 lumin\u00e1rias de LED em seis avenidas dos bairros Parque S\u00e3o Luiz e Jundia\u00ed-Mirim. A a\u00e7\u00e3o faz parte do programa de moderniza\u00e7\u00e3o da ilumina\u00e7\u00e3o p\u00fablica e busca ampliar a efici\u00eancia energ\u00e9tica e a qualidade da ilumina\u00e7\u00e3o das vias.<\/p>\n","protected":false},"author":24,"featured_media":139618,"comment_status":"closed","ping_status":"0","sticky":false,"template":"","format":"standard","meta":{"footnotes":""},"categories":[29,8391,8356],"tags":[],"class_list":["post-139617","post","type-post","status-publish","format-standard","has-post-thumbnail","hentry","category-destaque","category-infraestrutura","category-jundiai"],"_links":{"self":[{"href":"https:\/\/tvtecjundiai.com.br\/news\/wp-json\/wp\/v2\/posts\/139617","targetHints":{"allow":["GET"]}}],"collection":[{"href":"https:\/\/tvtecjundiai.com.br\/news\/wp-json\/wp\/v2\/posts"}],"about":[{"href":"https:\/\/tvtecjundiai.com.br\/news\/wp-json\/wp\/v2\/types\/post"}],"author":[{"embeddable":true,"href":"https:\/\/tvtecjundiai.com.br\/news\/wp-json\/wp\/v2\/users\/24"}],"replies":[{"embeddable":true,"href":"https:\/\/tvtecjundiai.com.br\/news\/wp-json\/wp\/v2\/comments?post=139617"}],"version-history":[{"count":1,"href":"https:\/\/tvtecjundiai.com.br\/news\/wp-json\/wp\/v2\/posts\/139617\/revisions"}],"predecessor-version":[{"id":139621,"href":"https:\/\/tvtecjundiai.com.br\/news\/wp-json\/wp\/v2\/posts\/139617\/revisions\/139621"}],"wp:featuredmedia":[{"embeddable":true,"href":"https:\/\/tvtecjundiai.com.br\/news\/wp-json\/wp\/v2\/media\/139618"}],"wp:attachment":[{"href":"https:\/\/tvtecjundiai.com.br\/news\/wp-json\/wp\/v2\/media?parent=139617"}],"wp:term":[{"taxonomy":"category","embeddable":true,"href":"https:\/\/tvtecjundiai.com.br\/news\/wp-json\/wp\/v2\/categories?post=139617"},{"taxonomy":"post_tag","embeddable":true,"href":"https:\/\/tvtecjundiai.com.br\/news\/wp-json\/wp\/v2\/tags?post=139617"}],"curies":[{"name":"wp","href":"https:\/\/api.w.org\/{rel}","templated":true}]}}