{"id":139657,"date":"2026-09-04T08:56:30","date_gmt":"2026-09-04T11:56:30","guid":{"rendered":"https:\/\/tvtecjundiai.com.br\/news\/?p=139657"},"modified":"2026-09-04T08:56:30","modified_gmt":"2026-09-04T11:56:30","slug":"hsv-informa-novo-canal-para-agendamento-de-exames-de-ressonancia-magnetica","status":"publish","type":"post","link":"https:\/\/tvtecjundiai.com.br\/news\/2026\/09\/04\/hsv-informa-novo-canal-para-agendamento-de-exames-de-ressonancia-magnetica\/","title":{"rendered":"HSV informa novo canal para agendamento de exames de Resson\u00e2ncia Magn\u00e9tica"},"content":{"rendered":"\n<p>O Hospital de Caridade S\u00e3o Vicente de Paulo (HSV) informa que, a partir de 5 de setembro de 2026, os agendamentos de exames de Resson\u00e2ncia Magn\u00e9tica, anteriormente realizados pela ICON, passar\u00e3o a ser conduzidos pela Central de Agendamento de Exames do HSV, que tamb\u00e9m ficar\u00e1 respons\u00e1vel pelas orienta\u00e7\u00f5es aos pacientes sobre o agendamento e o preparo para o exame.<\/p>\n\n\n\n<figure class=\"wp-block-image size-full\"><img loading=\"lazy\" decoding=\"async\" width=\"863\" height=\"390\" src=\"https:\/\/tvtecjundiai.com.br\/news\/wp-content\/uploads\/sites\/2\/2026\/09\/image-6.png\" alt=\"\" class=\"wp-image-139658\" srcset=\"https:\/\/tvtecjundiai.com.br\/news\/wp-content\/uploads\/sites\/2\/2026\/09\/image-6.png 863w, https:\/\/tvtecjundiai.com.br\/news\/wp-content\/uploads\/sites\/2\/2026\/09\/image-6-300x136.png 300w, https:\/\/tvtecjundiai.com.br\/news\/wp-content\/uploads\/sites\/2\/2026\/09\/image-6-768x347.png 768w\" sizes=\"auto, (max-width: 863px) 100vw, 863px\" \/><figcaption class=\"wp-element-caption\"><strong>Agendamento de Resson\u00e2ncia Magn\u00e9tica passa a ser realizado pela Central de Agendamento de Exames do HSV<\/strong><br>\u00a0<br><\/figcaption><\/figure>\n\n\n\n<p><\/p>\n\n\n\n<p>A partir da mesma data, d\u00favidas, agendamentos e orienta\u00e7\u00f5es dever\u00e3o ser direcionados exclusivamente pelo WhatsApp (11) 99257-3732.<\/p>\n\n\n\n<p>A mudan\u00e7a busca centralizar e tornar mais \u00e1gil esse fluxo, facilitando o acesso dos pacientes aos servi\u00e7os e proporcionando mais praticidade e efici\u00eancia no atendimento.<\/p>\n\n\n\n<p><\/p>\n\n\n\n<p>Assessoria de Comunica\u00e7\u00e3o &#8211; Hospital de Caridade S\u00e3o Vicente de Paulo<\/p>\n","protected":false},"excerpt":{"rendered":"<p>A mudan\u00e7a busca centralizar e tornar mais \u00e1gil esse fluxo, facilitando o acesso dos pacientes aos servi\u00e7os e proporcionando mais praticidade e efici\u00eancia no atendimento<\/p>\n","protected":false},"author":24,"featured_media":139659,"comment_status":"closed","ping_status":"0","sticky":false,"template":"","format":"standard","meta":{"footnotes":""},"categories":[29,8431],"tags":[],"class_list":["post-139657","post","type-post","status-publish","format-standard","has-post-thumbnail","hentry","category-destaque","category-hospital-sao-vicente"],"_links":{"self":[{"href":"https:\/\/tvtecjundiai.com.br\/news\/wp-json\/wp\/v2\/posts\/139657","targetHints":{"allow":["GET"]}}],"collection":[{"href":"https:\/\/tvtecjundiai.com.br\/news\/wp-json\/wp\/v2\/posts"}],"about":[{"href":"https:\/\/tvtecjundiai.com.br\/news\/wp-json\/wp\/v2\/types\/post"}],"author":[{"embeddable":true,"href":"https:\/\/tvtecjundiai.com.br\/news\/wp-json\/wp\/v2\/users\/24"}],"replies":[{"embeddable":true,"href":"https:\/\/tvtecjundiai.com.br\/news\/wp-json\/wp\/v2\/comments?post=139657"}],"version-history":[{"count":1,"href":"https:\/\/tvtecjundiai.com.br\/news\/wp-json\/wp\/v2\/posts\/139657\/revisions"}],"predecessor-version":[{"id":139660,"href":"https:\/\/tvtecjundiai.com.br\/news\/wp-json\/wp\/v2\/posts\/139657\/revisions\/139660"}],"wp:featuredmedia":[{"embeddable":true,"href":"https:\/\/tvtecjundiai.com.br\/news\/wp-json\/wp\/v2\/media\/139659"}],"wp:attachment":[{"href":"https:\/\/tvtecjundiai.com.br\/news\/wp-json\/wp\/v2\/media?parent=139657"}],"wp:term":[{"taxonomy":"category","embeddable":true,"href":"https:\/\/tvtecjundiai.com.br\/news\/wp-json\/wp\/v2\/categories?post=139657"},{"taxonomy":"post_tag","embeddable":true,"href":"https:\/\/tvtecjundiai.com.br\/news\/wp-json\/wp\/v2\/tags?post=139657"}],"curies":[{"name":"wp","href":"https:\/\/api.w.org\/{rel}","templated":true}]}}