{"id":139661,"date":"2026-09-04T10:33:59","date_gmt":"2026-09-04T13:33:59","guid":{"rendered":"https:\/\/tvtecjundiai.com.br\/news\/?p=139661"},"modified":"2026-09-04T10:33:59","modified_gmt":"2026-09-04T13:33:59","slug":"com-estrategia-de-descentralizacao-saude-em-dia-realiza-93-atendimentos-na-ubs-sao-camilo-e-planeja-expansao-para-outros-bairros","status":"publish","type":"post","link":"https:\/\/tvtecjundiai.com.br\/news\/2026\/09\/04\/com-estrategia-de-descentralizacao-saude-em-dia-realiza-93-atendimentos-na-ubs-sao-camilo-e-planeja-expansao-para-outros-bairros\/","title":{"rendered":"Com estrat\u00e9gia de descentraliza\u00e7\u00e3o, Sa\u00fade em Dia realiza 93 atendimentos na UBS S\u00e3o Camilo e planeja expans\u00e3o para outros bairros"},"content":{"rendered":"\n<p>Aline Gomes Coutinho, que enfrenta problemas de coluna, foi atendida por um ortopedista no \u00faltimo s\u00e1bado (29), na UBS S\u00e3o Camilo, durante uma a\u00e7\u00e3o descentralizada do programa Sa\u00fade em Dia. Para ela, a realiza\u00e7\u00e3o da consulta no fim de semana e em uma unidade pr\u00f3xima de casa facilitou o acesso ao atendimento. Aline conta que trabalha durante toda a semana e destaca a qualidade do atendimento recebido na rede municipal.<\/p>\n\n\n\n<p>A a\u00e7\u00e3o realizou 93 atendimentos e procedimentos, ampliando o acesso da popula\u00e7\u00e3o da regi\u00e3o a servi\u00e7os especializados. Foram 39 consultas de ortopedia, sete consultas de enfermagem, 36 ultrassonografias de articula\u00e7\u00e3o solicitadas durante as avalia\u00e7\u00f5es m\u00e9dicas e 11 procedimentos de inser\u00e7\u00e3o do Implanon, m\u00e9todo contraceptivo de longa dura\u00e7\u00e3o dispon\u00edvel pelo SUS, aplicado sob a pele do bra\u00e7o.<\/p>\n\n\n\n<figure class=\"wp-block-image size-large\"><img loading=\"lazy\" decoding=\"async\" width=\"1200\" height=\"801\" src=\"https:\/\/tvtecjundiai.com.br\/news\/wp-content\/uploads\/sites\/2\/2026\/09\/saude_em_dia_jd_sao_camilo_rg-2-1-1280x854-1-1200x801.jpg\" alt=\"\" class=\"wp-image-139662\" srcset=\"https:\/\/tvtecjundiai.com.br\/news\/wp-content\/uploads\/sites\/2\/2026\/09\/saude_em_dia_jd_sao_camilo_rg-2-1-1280x854-1-1200x801.jpg 1200w, https:\/\/tvtecjundiai.com.br\/news\/wp-content\/uploads\/sites\/2\/2026\/09\/saude_em_dia_jd_sao_camilo_rg-2-1-1280x854-1-300x200.jpg 300w, https:\/\/tvtecjundiai.com.br\/news\/wp-content\/uploads\/sites\/2\/2026\/09\/saude_em_dia_jd_sao_camilo_rg-2-1-1280x854-1-768x512.jpg 768w, https:\/\/tvtecjundiai.com.br\/news\/wp-content\/uploads\/sites\/2\/2026\/09\/saude_em_dia_jd_sao_camilo_rg-2-1-1280x854-1.jpg 1280w\" sizes=\"auto, (max-width: 1200px) 100vw, 1200px\" \/><\/figure>\n\n\n\n<p>Paciente de longa data da UBS S\u00e3o Camilo, Thainara da Silva tamb\u00e9m aprovou a iniciativa. Al\u00e9m da consulta de ortopedia, ela passou pelo procedimento de inser\u00e7\u00e3o do Implanon. Para a paciente, a possibilidade de realizar os atendimentos no s\u00e1bado facilitou o acesso aos servi\u00e7os da unidade.<\/p>\n\n\n\n<p>A atividade foi destinada a pacientes que aguardavam atendimento de ortopedia nas UBSs S\u00e3o Camilo e Tarum\u00e3 e integra uma nova estrat\u00e9gia de descentraliza\u00e7\u00e3o do Sa\u00fade em Dia. Tradicionalmente realizado no N\u00facleo Integrado de Sa\u00fade (NIS), no \u00faltimo s\u00e1bado de cada m\u00eas, o programa, desenvolvido pela Secretaria de Promo\u00e7\u00e3o da Sa\u00fade, passa a ampliar gradativamente as a\u00e7\u00f5es para outras regi\u00f5es do munic\u00edpio, levando os servi\u00e7os para mais perto da casa dos usu\u00e1rios.<\/p>\n\n\n\n<p>A proposta \u00e9 facilitar o acesso aos servi\u00e7os, especialmente para quem tem dificuldade de comparecer \u00e0s unidades durante a semana. Ao realizar os atendimentos aos s\u00e1bados e em locais pr\u00f3ximos \u00e0s resid\u00eancias dos pacientes, a iniciativa tamb\u00e9m busca reduzir o absente\u00edsmo, otimizar o uso das vagas e agilizar o atendimento das demandas represadas na rede municipal.<\/p>\n\n\n\n<p><strong>Fonte: Prefeitura de Jundia\u00ed \/ Foto: <strong>Fot\u00f3grafo PMJ<\/strong><\/strong><\/p>\n","protected":false},"excerpt":{"rendered":"<p>O programa Sa\u00fade em Dia realizou 93 atendimentos na UBS S\u00e3o Camilo, em Jundia\u00ed, como parte da estrat\u00e9gia de descentraliza\u00e7\u00e3o dos servi\u00e7os de sa\u00fade. A a\u00e7\u00e3o, realizada no s\u00e1bado (29), levou consultas e procedimentos especializados para mais perto dos pacientes e deve ser ampliada para outras regi\u00f5es do munic\u00edpio.<\/p>\n","protected":false},"author":24,"featured_media":139662,"comment_status":"closed","ping_status":"0","sticky":false,"template":"","format":"standard","meta":{"footnotes":""},"categories":[8392,29,8419,8356,2839,8355],"tags":[],"class_list":["post-139661","post","type-post","status-publish","format-standard","has-post-thumbnail","hentry","category-assistencia-social","category-destaque","category-direitos-humanos","category-jundiai","category-saude","category-saude-3"],"_links":{"self":[{"href":"https:\/\/tvtecjundiai.com.br\/news\/wp-json\/wp\/v2\/posts\/139661","targetHints":{"allow":["GET"]}}],"collection":[{"href":"https:\/\/tvtecjundiai.com.br\/news\/wp-json\/wp\/v2\/posts"}],"about":[{"href":"https:\/\/tvtecjundiai.com.br\/news\/wp-json\/wp\/v2\/types\/post"}],"author":[{"embeddable":true,"href":"https:\/\/tvtecjundiai.com.br\/news\/wp-json\/wp\/v2\/users\/24"}],"replies":[{"embeddable":true,"href":"https:\/\/tvtecjundiai.com.br\/news\/wp-json\/wp\/v2\/comments?post=139661"}],"version-history":[{"count":1,"href":"https:\/\/tvtecjundiai.com.br\/news\/wp-json\/wp\/v2\/posts\/139661\/revisions"}],"predecessor-version":[{"id":139663,"href":"https:\/\/tvtecjundiai.com.br\/news\/wp-json\/wp\/v2\/posts\/139661\/revisions\/139663"}],"wp:featuredmedia":[{"embeddable":true,"href":"https:\/\/tvtecjundiai.com.br\/news\/wp-json\/wp\/v2\/media\/139662"}],"wp:attachment":[{"href":"https:\/\/tvtecjundiai.com.br\/news\/wp-json\/wp\/v2\/media?parent=139661"}],"wp:term":[{"taxonomy":"category","embeddable":true,"href":"https:\/\/tvtecjundiai.com.br\/news\/wp-json\/wp\/v2\/categories?post=139661"},{"taxonomy":"post_tag","embeddable":true,"href":"https:\/\/tvtecjundiai.com.br\/news\/wp-json\/wp\/v2\/tags?post=139661"}],"curies":[{"name":"wp","href":"https:\/\/api.w.org\/{rel}","templated":true}]}}