{"id":139667,"date":"2026-09-04T15:21:23","date_gmt":"2026-09-04T18:21:23","guid":{"rendered":"https:\/\/tvtecjundiai.com.br\/news\/?p=139667"},"modified":"2026-09-04T15:21:23","modified_gmt":"2026-09-04T18:21:23","slug":"tempo-muda-em-jundiai-a-partir-deste-sabado","status":"publish","type":"post","link":"https:\/\/tvtecjundiai.com.br\/news\/2026\/09\/04\/tempo-muda-em-jundiai-a-partir-deste-sabado\/","title":{"rendered":"Tempo muda em Jundia\u00ed a partir deste s\u00e1bado"},"content":{"rendered":"\n<figure class=\"wp-block-image size-large\"><img decoding=\"async\" src=\"https:\/\/imagens.ebc.com.br\/pvvQpGvFjLu9MD__FiyRe3gM0eU=\/1170x700\/smart\/https:\/\/agenciabrasil.ebc.com.br\/sites\/default\/files\/thumbnails\/image\/2026\/07\/20\/v0030538.jpg?itok=s5aChGd0\" alt=\"\" \/><\/figure>\n\n\n\n<p>Jundia\u00ed ter\u00e1 dias de tempo firme e temperaturas em eleva\u00e7\u00e3o at\u00e9 esta sexta-feira (4), mas as condi\u00e7\u00f5es meteorol\u00f3gicas devem mudar a partir de s\u00e1bado (5). A passagem de uma frente fria pelo Estado de S\u00e3o Paulo deve favorecer o retorno das chuvas. No domingo (6), a previs\u00e3o indica tempo fechado, chuva, queda acentuada das temperaturas e rajadas de vento.<\/p>\n\n\n\n<p>Hoje e amanh\u00e3, o tempo deve permanecer firme, com predom\u00ednio de sol entre algumas nuvens e sensa\u00e7\u00e3o de abafamento. A umidade do ar tende a cair durante as tardes, principalmente no interior paulista. A recomenda\u00e7\u00e3o \u00e9 manter a hidrata\u00e7\u00e3o, especialmente nos per\u00edodos mais quentes, e evitar atividades que possam contribuir para o surgimento de focos de queimadas.<\/p>\n\n\n\n<p>A mudan\u00e7a deve come\u00e7ar no s\u00e1bado (5), com a aproxima\u00e7\u00e3o e passagem de uma frente fria pelo Estado. Em Jundia\u00ed, o sistema aumenta a possibilidade de pancadas de chuva, principalmente \u00e0 tarde e \u00e0 noite, que podem vir acompanhadas de raios e rajadas de vento.<\/p>\n\n\n\n<p>O cen\u00e1rio exige aten\u00e7\u00e3o durante os per\u00edodos de chuva mais intensa, j\u00e1 que a atua\u00e7\u00e3o da frente fria poder\u00e1 provocar volumes elevados de precipita\u00e7\u00e3o em diferentes regi\u00f5es do Estado de S\u00e3o Paulo.<\/p>\n\n\n\n<p>No domingo (6), a frente fria deve manter o tempo fechado e chuvoso em Jundia\u00ed. As temperaturas devem cair de forma significativa, com m\u00e1xima prevista entre 16\u00b0C e 17\u00b0C. Tamb\u00e9m s\u00e3o esperadas rajadas de vento de aproximadamente 47 km\/h, principalmente nos per\u00edodos de maior instabilidade.<\/p>\n\n\n\n<p>A Defesa Civil alerta que a combina\u00e7\u00e3o de chuva forte e ventos pode provocar transtornos como alagamentos, quedas de \u00e1rvores e interrup\u00e7\u00f5es pontuais. A orienta\u00e7\u00e3o \u00e9 evitar \u00e1reas sujeitas a alagamentos e n\u00e3o permanecer sob \u00e1rvores durante tempestades.<\/p>\n\n\n\n<p><strong>Fonte: Jornal Da Cidade Jundia\u00ed \/ Foto: Ag\u00eancia Brasil<\/strong><\/p>\n","protected":false},"excerpt":{"rendered":"<p>Jundia\u00ed deve ter mudan\u00e7a nas condi\u00e7\u00f5es do tempo a partir deste s\u00e1bado (5), com retorno das chuvas e possibilidade de raios e rajadas de vento. No domingo (6), a passagem de uma frente fria deve derrubar as temperaturas, com m\u00e1xima prevista entre 16\u00b0C e 17\u00b0C.<\/p>\n","protected":false},"author":24,"featured_media":139668,"comment_status":"closed","ping_status":"0","sticky":false,"template":"","format":"standard","meta":{"footnotes":""},"categories":[3185,8407,29,5985],"tags":[],"class_list":["post-139667","post","type-post","status-publish","format-standard","has-post-thumbnail","hentry","category-clima","category-defesa-civil","category-destaque","category-habitacao"],"_links":{"self":[{"href":"https:\/\/tvtecjundiai.com.br\/news\/wp-json\/wp\/v2\/posts\/139667","targetHints":{"allow":["GET"]}}],"collection":[{"href":"https:\/\/tvtecjundiai.com.br\/news\/wp-json\/wp\/v2\/posts"}],"about":[{"href":"https:\/\/tvtecjundiai.com.br\/news\/wp-json\/wp\/v2\/types\/post"}],"author":[{"embeddable":true,"href":"https:\/\/tvtecjundiai.com.br\/news\/wp-json\/wp\/v2\/users\/24"}],"replies":[{"embeddable":true,"href":"https:\/\/tvtecjundiai.com.br\/news\/wp-json\/wp\/v2\/comments?post=139667"}],"version-history":[{"count":1,"href":"https:\/\/tvtecjundiai.com.br\/news\/wp-json\/wp\/v2\/posts\/139667\/revisions"}],"predecessor-version":[{"id":139669,"href":"https:\/\/tvtecjundiai.com.br\/news\/wp-json\/wp\/v2\/posts\/139667\/revisions\/139669"}],"wp:featuredmedia":[{"embeddable":true,"href":"https:\/\/tvtecjundiai.com.br\/news\/wp-json\/wp\/v2\/media\/139668"}],"wp:attachment":[{"href":"https:\/\/tvtecjundiai.com.br\/news\/wp-json\/wp\/v2\/media?parent=139667"}],"wp:term":[{"taxonomy":"category","embeddable":true,"href":"https:\/\/tvtecjundiai.com.br\/news\/wp-json\/wp\/v2\/categories?post=139667"},{"taxonomy":"post_tag","embeddable":true,"href":"https:\/\/tvtecjundiai.com.br\/news\/wp-json\/wp\/v2\/tags?post=139667"}],"curies":[{"name":"wp","href":"https:\/\/api.w.org\/{rel}","templated":true}]}}