{"id":139674,"date":"2026-09-05T09:27:12","date_gmt":"2026-09-05T12:27:12","guid":{"rendered":"https:\/\/tvtecjundiai.com.br\/news\/?p=139674"},"modified":"2026-09-05T09:27:12","modified_gmt":"2026-09-05T12:27:12","slug":"festa-da-uva-2027-edital-abre-credenciamento-para-expositores","status":"publish","type":"post","link":"https:\/\/tvtecjundiai.com.br\/news\/2026\/09\/05\/festa-da-uva-2027-edital-abre-credenciamento-para-expositores\/","title":{"rendered":"Festa da Uva 2027: edital abre credenciamento para expositores"},"content":{"rendered":"\n<p>Empresas e entidades de Jundia\u00ed interessadas em participar como expositores da 42\u00aa Festa da Uva de Jundia\u00ed e 13\u00aa Expo Vinhos 2027 j\u00e1 podem consultar as regras e realizar a inscri\u00e7\u00e3o. A secretaria de Agroneg\u00f3cio, Abastecimento e Turismo, publicou o edital de chamamento p\u00fablico para credenciamento nesta sexta-feira (4) e prev\u00ea a sele\u00e7\u00e3o de expositores para diferentes espa\u00e7os do evento, que ser\u00e1 realizado de 14 de janeiro a 7 de fevereiro de 2027, no Parque Comendador Ant\u00f4nio Carbonari.<\/p>\n\n\n\n<p>As inscri\u00e7\u00f5es devem ser feitas at\u00e9 21 de setembro, \u00e0s 17h, por meio de&nbsp;<a href=\"https:\/\/bit.ly\/editalfestadauva2027\">formul\u00e1rio online<\/a>&nbsp;dispon\u00edvel no site oficial da Festa da Uva, na \u00e1rea \u201cEditais e documentos\u201d. Os documentos exigidos tamb\u00e9m dever\u00e3o ser encaminhados digitalmente, em formato PDF, conforme as orienta\u00e7\u00f5es do edital.<\/p>\n\n\n\n<figure class=\"wp-block-image\"><a class=\"fancybox image\" href=\"https:\/\/jundiai.sp.gov.br\/noticias\/wp-content\/uploads\/sites\/32\/2026\/09\/55046320775_9a41dde959_o-1-1280x854.jpg\"><img decoding=\"async\" src=\"https:\/\/jundiai.sp.gov.br\/noticias\/wp-content\/uploads\/sites\/32\/2026\/09\/55046320775_9a41dde959_o-1-1280x854.jpg\" alt=\"\" class=\"wp-image-387433\" \/><\/a><\/figure>\n\n\n\n<p>Podem participar empresas e entidades legalmente constitu\u00eddas e com sede em Jundia\u00ed, de acordo com os crit\u00e9rios espec\u00edficos de cada espa\u00e7o. O credenciamento contempla, entre outros, o Espa\u00e7o Deguste Jundia\u00ed, Emp\u00f3rio de Jundia\u00ed, Espa\u00e7o das Entidades, Espa\u00e7o das Frutas, Espa\u00e7o dos Vinhos, Espa\u00e7o das Ag\u00eancias, Espa\u00e7o Feira Livre de Jundia\u00ed, Espa\u00e7o Geek e Espa\u00e7o Rota da Cerveja.<\/p>\n\n\n\n<p>Entre as exig\u00eancias gerais est\u00e3o a apresenta\u00e7\u00e3o de CNPJ atualizado, Certid\u00e3o Negativa de D\u00e9bitos Municipais e comprovante de endere\u00e7o. Algumas categorias possuem ainda documenta\u00e7\u00e3o e requisitos espec\u00edficos. Para o Espa\u00e7o das Frutas, por exemplo, s\u00e3o exigidos crit\u00e9rios relacionados \u00e0 produ\u00e7\u00e3o de uva; para vinhos e cervejas, h\u00e1 exig\u00eancias de registros junto ao Minist\u00e9rio da Agricultura, Pecu\u00e1ria e Abastecimento (MAPA); j\u00e1 o Espa\u00e7o Geek possui requisitos pr\u00f3prios relacionados \u00e0s atividades e produtos oferecidos.<\/p>\n\n\n\n<figure class=\"wp-block-image\"><a class=\"fancybox image\" href=\"https:\/\/jundiai.sp.gov.br\/noticias\/wp-content\/uploads\/sites\/32\/2026\/09\/55046321250_24922e660c_o-1280x854.jpg\"><img decoding=\"async\" src=\"https:\/\/jundiai.sp.gov.br\/noticias\/wp-content\/uploads\/sites\/32\/2026\/09\/55046321250_24922e660c_o-1280x854.jpg\" alt=\"\" class=\"wp-image-387435\" \/><\/a><\/figure>\n\n\n\n<p>A sele\u00e7\u00e3o ser\u00e1 realizada por uma comiss\u00e3o formada por representantes da Associa\u00e7\u00e3o Agr\u00edcola de Jundia\u00ed e da Secretaria Municipal de Agroneg\u00f3cio, Abastecimento e Turismo. A primeira etapa do resultado est\u00e1 prevista para 1\u00ba de outubro, e a publica\u00e7\u00e3o final dos selecionados, para 15 de outubro de 2026.<\/p>\n\n\n\n<p><strong>Consulte o edital completo<\/strong><\/p>\n\n\n\n<p>Como o credenciamento possui crit\u00e9rios diferentes para cada categoria, os interessados devem consultar atentamente todas as regras, documentos necess\u00e1rios e condi\u00e7\u00f5es de participa\u00e7\u00e3o antes de realizar a inscri\u00e7\u00e3o.<\/p>\n\n\n\n<p><a href=\"https:\/\/festadauva.jundiai.sp.gov.br\/editais-e-documentos\/\">Confira o edital, formul\u00e1rio de inscri\u00e7\u00e3o e anexos no site oficial da Festa da Uva<\/a><\/p>\n\n\n\n<p><em>Fonte: Prefeitura de Jundia\u00ed <\/em><\/p>\n","protected":false},"excerpt":{"rendered":"<p>A secretaria de Agroneg\u00f3cio, Abastecimento e Turismo, publicou o edital de chamamento p\u00fablico para credenciamento nesta sexta-feira (4)<\/p>\n","protected":false},"author":12,"featured_media":139675,"comment_status":"closed","ping_status":"0","sticky":false,"template":"","format":"standard","meta":{"footnotes":""},"categories":[29,8391,8356],"tags":[],"class_list":["post-139674","post","type-post","status-publish","format-standard","has-post-thumbnail","hentry","category-destaque","category-infraestrutura","category-jundiai"],"_links":{"self":[{"href":"https:\/\/tvtecjundiai.com.br\/news\/wp-json\/wp\/v2\/posts\/139674","targetHints":{"allow":["GET"]}}],"collection":[{"href":"https:\/\/tvtecjundiai.com.br\/news\/wp-json\/wp\/v2\/posts"}],"about":[{"href":"https:\/\/tvtecjundiai.com.br\/news\/wp-json\/wp\/v2\/types\/post"}],"author":[{"embeddable":true,"href":"https:\/\/tvtecjundiai.com.br\/news\/wp-json\/wp\/v2\/users\/12"}],"replies":[{"embeddable":true,"href":"https:\/\/tvtecjundiai.com.br\/news\/wp-json\/wp\/v2\/comments?post=139674"}],"version-history":[{"count":1,"href":"https:\/\/tvtecjundiai.com.br\/news\/wp-json\/wp\/v2\/posts\/139674\/revisions"}],"predecessor-version":[{"id":139676,"href":"https:\/\/tvtecjundiai.com.br\/news\/wp-json\/wp\/v2\/posts\/139674\/revisions\/139676"}],"wp:featuredmedia":[{"embeddable":true,"href":"https:\/\/tvtecjundiai.com.br\/news\/wp-json\/wp\/v2\/media\/139675"}],"wp:attachment":[{"href":"https:\/\/tvtecjundiai.com.br\/news\/wp-json\/wp\/v2\/media?parent=139674"}],"wp:term":[{"taxonomy":"category","embeddable":true,"href":"https:\/\/tvtecjundiai.com.br\/news\/wp-json\/wp\/v2\/categories?post=139674"},{"taxonomy":"post_tag","embeddable":true,"href":"https:\/\/tvtecjundiai.com.br\/news\/wp-json\/wp\/v2\/tags?post=139674"}],"curies":[{"name":"wp","href":"https:\/\/api.w.org\/{rel}","templated":true}]}}