{"id":139677,"date":"2026-09-05T09:31:33","date_gmt":"2026-09-05T12:31:33","guid":{"rendered":"https:\/\/tvtecjundiai.com.br\/news\/?p=139677"},"modified":"2026-09-05T09:31:33","modified_gmt":"2026-09-05T12:31:33","slug":"jundiai-amplia-iluminacao-em-led-em-toda-extensao-da-rodovia-vereador-geraldo-dias","status":"publish","type":"post","link":"https:\/\/tvtecjundiai.com.br\/news\/2026\/09\/05\/jundiai-amplia-iluminacao-em-led-em-toda-extensao-da-rodovia-vereador-geraldo-dias\/","title":{"rendered":"Jundia\u00ed amplia ilumina\u00e7\u00e3o em LED em toda extens\u00e3o da Rodovia Vereador Geraldo Dias"},"content":{"rendered":"\n<p>Mais ilumina\u00e7\u00e3o, melhor visibilidade e mais seguran\u00e7a para motoristas e pedestres. A Rodovia Vereador Geraldo Dias est\u00e1 recebendo 430 novas l\u00e2mpadas de LED, dentro do trabalho de moderniza\u00e7\u00e3o da ilumina\u00e7\u00e3o p\u00fablica realizado pela Prefeitura de Jundia\u00ed. O investimento na via \u00e9 de aproximadamente R$ 530 mil.<\/p>\n\n\n\n<p>A tecnologia LED proporciona uma ilumina\u00e7\u00e3o mais eficiente e uniforme, al\u00e9m de ter maior durabilidade e menor consumo de energia em compara\u00e7\u00e3o \u00e0s l\u00e2mpadas convencionais. A melhoria tamb\u00e9m amplia a visibilidade no per\u00edodo noturno, contribuindo para uma circula\u00e7\u00e3o mais segura.<\/p>\n\n\n\n<p>\u201cA Rodovia Vereador Geraldo Dias \u00e9 uma via importante e muito movimentada. As novas l\u00e2mpadas de LED v\u00e3o melhorar a visibilidade e trazer mais seguran\u00e7a para motoristas e pedestres que passam pelo local todos os dias. Esse trabalho tamb\u00e9m est\u00e1 chegando a outras regi\u00f5es, dentro de um planejamento para modernizar cada vez mais a ilumina\u00e7\u00e3o da cidade\u201d, disse o prefeito Gustavo Martinelli.<\/p>\n\n\n\n<figure class=\"wp-block-image\"><a class=\"fancybox image\" href=\"https:\/\/jundiai.sp.gov.br\/noticias\/wp-content\/uploads\/sites\/32\/2026\/09\/led_geraldo_dias_d-3-1280x854.jpg\"><img decoding=\"async\" src=\"https:\/\/jundiai.sp.gov.br\/noticias\/wp-content\/uploads\/sites\/32\/2026\/09\/led_geraldo_dias_d-3-1280x854.jpg\" alt=\"\" class=\"wp-image-387356\" \/><\/a><figcaption class=\"wp-element-caption\">Prefeitura amplia a\u00e7\u00f5es de substitui\u00e7\u00e3o da ilumina\u00e7\u00e3o p\u00fablica<\/figcaption><\/figure>\n\n\n\n<p>O trabalho \u00e9 realizado pelo Departamento de Ilumina\u00e7\u00e3o P\u00fablica da Secretaria Municipal de Infraestrutura e Servi\u00e7os P\u00fablicos (SMISP) e contempla diferentes regi\u00f5es da cidade. Na Vila Agr\u00edcola, Vila Santa Rosa e Vila Santana, est\u00e1 prevista a instala\u00e7\u00e3o de outras 100 l\u00e2mpadas de LED. J\u00e1 na Avenida Marginal do Tarum\u00e3, a Prefeitura concluiu recentemente a implanta\u00e7\u00e3o de 17 novos pontos com a tecnologia.<\/p>\n\n\n\n<p>A moderniza\u00e7\u00e3o faz parte da meta da Prefeitura de substituir 100% das l\u00e2mpadas convencionais da ilumina\u00e7\u00e3o p\u00fablica por LED at\u00e9 o final de 2028.<\/p>\n\n\n\n<p><em>Fonte: Prefeitura de Jundia\u00ed <\/em><\/p>\n","protected":false},"excerpt":{"rendered":"<p>S\u00e3o 430 novas l\u00e2mpadas com investimento de aproximadamente R$ 530 mil<\/p>\n","protected":false},"author":12,"featured_media":139678,"comment_status":"closed","ping_status":"0","sticky":false,"template":"","format":"standard","meta":{"footnotes":""},"categories":[29,8357,8411,8391,8356,1],"tags":[],"class_list":["post-139677","post","type-post","status-publish","format-standard","has-post-thumbnail","hentry","category-destaque","category-gestao","category-governo-e-financas","category-infraestrutura","category-jundiai","category-noticias"],"_links":{"self":[{"href":"https:\/\/tvtecjundiai.com.br\/news\/wp-json\/wp\/v2\/posts\/139677","targetHints":{"allow":["GET"]}}],"collection":[{"href":"https:\/\/tvtecjundiai.com.br\/news\/wp-json\/wp\/v2\/posts"}],"about":[{"href":"https:\/\/tvtecjundiai.com.br\/news\/wp-json\/wp\/v2\/types\/post"}],"author":[{"embeddable":true,"href":"https:\/\/tvtecjundiai.com.br\/news\/wp-json\/wp\/v2\/users\/12"}],"replies":[{"embeddable":true,"href":"https:\/\/tvtecjundiai.com.br\/news\/wp-json\/wp\/v2\/comments?post=139677"}],"version-history":[{"count":1,"href":"https:\/\/tvtecjundiai.com.br\/news\/wp-json\/wp\/v2\/posts\/139677\/revisions"}],"predecessor-version":[{"id":139679,"href":"https:\/\/tvtecjundiai.com.br\/news\/wp-json\/wp\/v2\/posts\/139677\/revisions\/139679"}],"wp:featuredmedia":[{"embeddable":true,"href":"https:\/\/tvtecjundiai.com.br\/news\/wp-json\/wp\/v2\/media\/139678"}],"wp:attachment":[{"href":"https:\/\/tvtecjundiai.com.br\/news\/wp-json\/wp\/v2\/media?parent=139677"}],"wp:term":[{"taxonomy":"category","embeddable":true,"href":"https:\/\/tvtecjundiai.com.br\/news\/wp-json\/wp\/v2\/categories?post=139677"},{"taxonomy":"post_tag","embeddable":true,"href":"https:\/\/tvtecjundiai.com.br\/news\/wp-json\/wp\/v2\/tags?post=139677"}],"curies":[{"name":"wp","href":"https:\/\/api.w.org\/{rel}","templated":true}]}}