{"id":139680,"date":"2026-09-06T00:29:32","date_gmt":"2026-09-06T03:29:32","guid":{"rendered":"https:\/\/tvtecjundiai.com.br\/news\/?p=139680"},"modified":"2026-09-06T00:29:32","modified_gmt":"2026-09-06T03:29:32","slug":"avenida-luiz-latorre-tera-interdicao-para-desfile-de-7-de-setembro-confira-os-desvios","status":"publish","type":"post","link":"https:\/\/tvtecjundiai.com.br\/news\/2026\/09\/06\/avenida-luiz-latorre-tera-interdicao-para-desfile-de-7-de-setembro-confira-os-desvios\/","title":{"rendered":"Avenida Luiz Latorre ter\u00e1 interdi\u00e7\u00e3o para desfile de 7 de Setembro; confira os desvios"},"content":{"rendered":"\n<p>A Avenida Prefeito Luiz Latorre ser\u00e1 interditada na pr\u00f3xima segunda-feira (7), a partir das 7h30, para a organiza\u00e7\u00e3o e realiza\u00e7\u00e3o do desfile c\u00edvico de 7 de Setembro, que come\u00e7a \u00e0s 9h. A previs\u00e3o \u00e9 que a altera\u00e7\u00e3o no tr\u00e2nsito permane\u00e7a at\u00e9 as 13h.<\/p>\n\n\n\n<p>Durante o per\u00edodo, os motoristas que utilizam a regi\u00e3o dever\u00e3o ficar atentos \u00e0 sinaliza\u00e7\u00e3o e optar pelos caminhos alternativos indicados pela Secretaria Municipal de Mobilidade e Transporte.<\/p>\n\n\n\n<figure class=\"wp-block-image\"><a class=\"fancybox image\" href=\"https:\/\/jundiai.sp.gov.br\/noticias\/wp-content\/uploads\/sites\/32\/2026\/09\/whatsapp-image-2026-09-03-at-11-05-35.jpeg\"><img decoding=\"async\" src=\"https:\/\/jundiai.sp.gov.br\/noticias\/wp-content\/uploads\/sites\/32\/2026\/09\/whatsapp-image-2026-09-03-at-11-05-35.jpeg\" alt=\"\" class=\"wp-image-387293\" \/><\/a><\/figure>\n\n\n\n<h2 class=\"wp-block-heading\">Confira as op\u00e7\u00f5es de desvio<\/h2>\n\n\n\n<h3 class=\"wp-block-heading\">Desvio 1 \u2013 para quem segue em dire\u00e7\u00e3o ao Centro<\/h3>\n\n\n\n<p>O trajeto \u00e9 indicado para os condutores que v\u00eam da Avenida Armando Giassetti ou do bairro Retiro e acessam a Avenida Prefeito Luiz Latorre no sentido Centro.<\/p>\n\n\n\n<p>Nesse caso, o motorista dever\u00e1:<\/p>\n\n\n\n<ul class=\"wp-block-list\">\n<li>Retornar na rotat\u00f3ria da Felivel;<\/li>\n\n\n\n<li>Sair \u00e0 direita para a Rodovia Jo\u00e3o Cereser;<\/li>\n\n\n\n<li>Entrar \u00e0 direita na Rua Louren\u00e7o Pincinato;<\/li>\n\n\n\n<li>Seguir pela Avenida Prefeito Jos\u00e9 de Castro Marcondes;<\/li>\n\n\n\n<li>Sair \u00e0 esquerda para a Rodovia Vereador Geraldo Dias;<\/li>\n\n\n\n<li>Seguir at\u00e9 a Avenida Ant\u00f4nio Frederico Ozanam;<\/li>\n\n\n\n<li>Acessar a Avenida 9 de Julho;<\/li>\n\n\n\n<li>Retornar \u00e0 Avenida Prefeito Luiz Latorre.<\/li>\n<\/ul>\n\n\n\n<h3 class=\"wp-block-heading\">Desvio 2 \u2013 para quem vem da regi\u00e3o da Anhanguera, Vila Guarani ou Rua do Retiro<\/h3>\n\n\n\n<p>Para os condutores que v\u00eam da Marginal da Rodovia Anhanguera, Vila Guarani ou Rua do Retiro, a orienta\u00e7\u00e3o \u00e9 seguir pela Rua do Retiro at\u00e9 a Rua Professora Escol\u00e1stica de Toledo Pontes, virar \u00e0 esquerda e continuar at\u00e9 a Avenida Prefeito Luiz Latorre.<\/p>\n\n\n\n<h3 class=\"wp-block-heading\">Aten\u00e7\u00e3o aos motoristas<\/h3>\n\n\n\n<p>A interdi\u00e7\u00e3o ser\u00e1 necess\u00e1ria para garantir a montagem da estrutura e a seguran\u00e7a dos participantes e do p\u00fablico durante o desfile. A previs\u00e3o \u00e9 de normaliza\u00e7\u00e3o do tr\u00e2nsito at\u00e9 as 13h, mas os motoristas devem considerar poss\u00edveis altera\u00e7\u00f5es moment\u00e2neas durante a desmontagem da estrutura e libera\u00e7\u00e3o da via.<\/p>\n\n\n\n<p>A orienta\u00e7\u00e3o \u00e9 programar o deslocamento com anteced\u00eancia, evitar a regi\u00e3o durante o per\u00edodo de interdi\u00e7\u00e3o sempre que poss\u00edvel e respeitar a sinaliza\u00e7\u00e3o e as orienta\u00e7\u00f5es dos agentes de tr\u00e2nsito.<\/p>\n\n\n\n<p><em>Fonte: Prefeitura de Jundia\u00ed <\/em><\/p>\n","protected":false},"excerpt":{"rendered":"<p>A previs\u00e3o \u00e9 que a altera\u00e7\u00e3o no tr\u00e2nsito permane\u00e7a at\u00e9 as 13h<\/p>\n","protected":false},"author":12,"featured_media":139681,"comment_status":"closed","ping_status":"0","sticky":false,"template":"","format":"standard","meta":{"footnotes":""},"categories":[29,8356,6151],"tags":[],"class_list":["post-139680","post","type-post","status-publish","format-standard","has-post-thumbnail","hentry","category-destaque","category-jundiai","category-transito"],"_links":{"self":[{"href":"https:\/\/tvtecjundiai.com.br\/news\/wp-json\/wp\/v2\/posts\/139680","targetHints":{"allow":["GET"]}}],"collection":[{"href":"https:\/\/tvtecjundiai.com.br\/news\/wp-json\/wp\/v2\/posts"}],"about":[{"href":"https:\/\/tvtecjundiai.com.br\/news\/wp-json\/wp\/v2\/types\/post"}],"author":[{"embeddable":true,"href":"https:\/\/tvtecjundiai.com.br\/news\/wp-json\/wp\/v2\/users\/12"}],"replies":[{"embeddable":true,"href":"https:\/\/tvtecjundiai.com.br\/news\/wp-json\/wp\/v2\/comments?post=139680"}],"version-history":[{"count":1,"href":"https:\/\/tvtecjundiai.com.br\/news\/wp-json\/wp\/v2\/posts\/139680\/revisions"}],"predecessor-version":[{"id":139682,"href":"https:\/\/tvtecjundiai.com.br\/news\/wp-json\/wp\/v2\/posts\/139680\/revisions\/139682"}],"wp:featuredmedia":[{"embeddable":true,"href":"https:\/\/tvtecjundiai.com.br\/news\/wp-json\/wp\/v2\/media\/139681"}],"wp:attachment":[{"href":"https:\/\/tvtecjundiai.com.br\/news\/wp-json\/wp\/v2\/media?parent=139680"}],"wp:term":[{"taxonomy":"category","embeddable":true,"href":"https:\/\/tvtecjundiai.com.br\/news\/wp-json\/wp\/v2\/categories?post=139680"},{"taxonomy":"post_tag","embeddable":true,"href":"https:\/\/tvtecjundiai.com.br\/news\/wp-json\/wp\/v2\/tags?post=139680"}],"curies":[{"name":"wp","href":"https:\/\/api.w.org\/{rel}","templated":true}]}}