{"id":13995,"date":"2018-07-17T13:55:16","date_gmt":"2018-07-17T16:55:16","guid":{"rendered":"https:\/\/tvtecjundiai.com.br\/news\/?p=13995"},"modified":"2018-07-17T13:56:01","modified_gmt":"2018-07-17T16:56:01","slug":"ervas-medicinais-serao-tema-de-evento-no-cecco-vila-marlene","status":"publish","type":"post","link":"https:\/\/tvtecjundiai.com.br\/news\/2018\/07\/17\/ervas-medicinais-serao-tema-de-evento-no-cecco-vila-marlene\/","title":{"rendered":"Ervas medicinais ser\u00e3o tema de evento no CECCO Vila Marlene"},"content":{"rendered":"<div id=\"attachment_13996\" style=\"width: 410px\" class=\"wp-caption alignleft\"><a href=\"https:\/\/tvtecjundiai.com.br\/news\/wp-content\/uploads\/sites\/2\/2018\/07\/ervas-medicinais.jpg\"><img loading=\"lazy\" decoding=\"async\" aria-describedby=\"caption-attachment-13996\" class=\"wp-image-13996\" src=\"https:\/\/tvtecjundiai.com.br\/news\/wp-content\/uploads\/sites\/2\/2018\/07\/ervas-medicinais-300x199.jpg\" alt=\"\" width=\"400\" height=\"266\" srcset=\"https:\/\/tvtecjundiai.com.br\/news\/wp-content\/uploads\/sites\/2\/2018\/07\/ervas-medicinais-300x199.jpg 300w, https:\/\/tvtecjundiai.com.br\/news\/wp-content\/uploads\/sites\/2\/2018\/07\/ervas-medicinais-768x510.jpg 768w, https:\/\/tvtecjundiai.com.br\/news\/wp-content\/uploads\/sites\/2\/2018\/07\/ervas-medicinais-1200x797.jpg 1200w, https:\/\/tvtecjundiai.com.br\/news\/wp-content\/uploads\/sites\/2\/2018\/07\/ervas-medicinais.jpg 1280w\" sizes=\"auto, (max-width: 400px) 100vw, 400px\" \/><\/a><p id=\"caption-attachment-13996\" class=\"wp-caption-text\">Roda de conversa sobre ervas medicinais ser\u00e1 no CECCO Vila Marlene<\/p><\/div>\n<p>Uma parceria entre a Unidade de Gest\u00e3o de Promo\u00e7\u00e3o da Sa\u00fade (UGPS) e a Assessoria de Pol\u00edticas para a Mulher promove, no pr\u00f3ximo dia 25, uma capacita\u00e7\u00e3o sobre ervas medicinais no \u00a0Centro de Conviv\u00eancia, Cultura, Trabalho e Gera\u00e7\u00e3o De Renda (CECCO) Vila Marlene, que fica na rua Benedito S\u00e9rgio de Oliveira, 220, no Parque Continental.<\/p>\n<p>De acordo com a assessora municipal Penha Maria Camunhas, o objetivo \u00e9 debater o uso das ervas medicinais que vem sendo feito ao longo dos anos. \u201cA ideia \u00e9 tamb\u00e9m discutir o uso adequado dessas ervas\u201d, acrescenta. A discuss\u00e3o ser\u00e1 realizada em forma de roda de conversa e as inscri\u00e7\u00f5es s\u00e3o gratuitas.<\/p>\n<p>Mais informa\u00e7\u00f5es pelo telefone (11) 4587-3351.<\/p>\n<p><em>(Fonte: Prefeitura de Jundia\u00ed)<\/em><\/p>\n","protected":false},"excerpt":{"rendered":"<p>Objetivo \u00e9 debater o uso das ervas medicinais<\/p>\n","protected":false},"author":10,"featured_media":13996,"comment_status":"closed","ping_status":"closed","sticky":false,"template":"","format":"standard","meta":{"footnotes":""},"categories":[2834],"tags":[3649,5,15],"class_list":["post-13995","post","type-post","status-publish","format-standard","has-post-thumbnail","hentry","category-cidades","tag-ervas-medicinais","tag-jundiai","tag-tvtec"],"_links":{"self":[{"href":"https:\/\/tvtecjundiai.com.br\/news\/wp-json\/wp\/v2\/posts\/13995","targetHints":{"allow":["GET"]}}],"collection":[{"href":"https:\/\/tvtecjundiai.com.br\/news\/wp-json\/wp\/v2\/posts"}],"about":[{"href":"https:\/\/tvtecjundiai.com.br\/news\/wp-json\/wp\/v2\/types\/post"}],"author":[{"embeddable":true,"href":"https:\/\/tvtecjundiai.com.br\/news\/wp-json\/wp\/v2\/users\/10"}],"replies":[{"embeddable":true,"href":"https:\/\/tvtecjundiai.com.br\/news\/wp-json\/wp\/v2\/comments?post=13995"}],"version-history":[{"count":2,"href":"https:\/\/tvtecjundiai.com.br\/news\/wp-json\/wp\/v2\/posts\/13995\/revisions"}],"predecessor-version":[{"id":13998,"href":"https:\/\/tvtecjundiai.com.br\/news\/wp-json\/wp\/v2\/posts\/13995\/revisions\/13998"}],"wp:featuredmedia":[{"embeddable":true,"href":"https:\/\/tvtecjundiai.com.br\/news\/wp-json\/wp\/v2\/media\/13996"}],"wp:attachment":[{"href":"https:\/\/tvtecjundiai.com.br\/news\/wp-json\/wp\/v2\/media?parent=13995"}],"wp:term":[{"taxonomy":"category","embeddable":true,"href":"https:\/\/tvtecjundiai.com.br\/news\/wp-json\/wp\/v2\/categories?post=13995"},{"taxonomy":"post_tag","embeddable":true,"href":"https:\/\/tvtecjundiai.com.br\/news\/wp-json\/wp\/v2\/tags?post=13995"}],"curies":[{"name":"wp","href":"https:\/\/api.w.org\/{rel}","templated":true}]}}