{"id":14025,"date":"2018-07-18T11:43:11","date_gmt":"2018-07-18T14:43:11","guid":{"rendered":"https:\/\/tvtecjundiai.com.br\/news\/?p=14025"},"modified":"2018-07-18T11:49:38","modified_gmt":"2018-07-18T14:49:38","slug":"festa-julina-de-jundiai-tera-competicao-de-quadrilhas","status":"publish","type":"post","link":"https:\/\/tvtecjundiai.com.br\/news\/2018\/07\/18\/festa-julina-de-jundiai-tera-competicao-de-quadrilhas\/","title":{"rendered":"Festa Julina de Jundia\u00ed ter\u00e1 Competi\u00e7\u00e3o de Quadrilhas"},"content":{"rendered":"<div id=\"attachment_14028\" style=\"width: 460px\" class=\"wp-caption alignright\"><a href=\"https:\/\/tvtecjundiai.com.br\/news\/wp-content\/uploads\/sites\/2\/2018\/07\/dicas-festa-junina-2016.jpg\"><img loading=\"lazy\" decoding=\"async\" aria-describedby=\"caption-attachment-14028\" class=\"wp-image-14028\" src=\"https:\/\/tvtecjundiai.com.br\/news\/wp-content\/uploads\/sites\/2\/2018\/07\/dicas-festa-junina-2016-300x225.jpg\" alt=\"\" width=\"450\" height=\"338\" srcset=\"https:\/\/tvtecjundiai.com.br\/news\/wp-content\/uploads\/sites\/2\/2018\/07\/dicas-festa-junina-2016-300x225.jpg 300w, https:\/\/tvtecjundiai.com.br\/news\/wp-content\/uploads\/sites\/2\/2018\/07\/dicas-festa-junina-2016-768x576.jpg 768w, https:\/\/tvtecjundiai.com.br\/news\/wp-content\/uploads\/sites\/2\/2018\/07\/dicas-festa-junina-2016.jpg 1024w\" sizes=\"auto, (max-width: 450px) 100vw, 450px\" \/><\/a><p id=\"caption-attachment-14028\" class=\"wp-caption-text\">Os ingressos para a Festa Julina de Jundia\u00ed podem ser adquiridos online\u00a0ou em pontos de venda f\u00edsicos<\/p><\/div>\n<p>Inspirada nas tradicionais festas de Campina Grande e de S\u00e3o Jo\u00e3o de Patos, na Para\u00edba, chega ao Parque da Uva a Festa Julina de Jundia\u00ed, nos dias 20, 21, 22, 27, 28 e 29 de julho. O evento contar\u00e1 com restaurantes de comida t\u00edpica nordestina, parque de divers\u00f5es, atra\u00e7\u00f5es musicais e culturais, feira de artes e artesanato e muito mais.<\/p>\n<p>Um dos principais destaques da festa \u00e9 a Competi\u00e7\u00e3o de Quadrilhas, onde grupos de toda a cidade poder\u00e3o concorrer a pr\u00eamios que somam 20 mil reais. Confira a programa\u00e7\u00e3o completa da competi\u00e7\u00e3o:<\/p>\n<p><strong>Quadrilha do Ballet Caipira + Apresenta\u00e7\u00e3o de quadrilha com dan\u00e7arinas de ballet<\/strong><br \/>\n\u2192 Dia 21 de julho, s\u00e1bado, \u00e0s 16h<\/p>\n<p><strong>Quadrilha Asa Branca<\/strong><br \/>\n\u2192 Dia 21 de julho, s\u00e1bado, \u00e0s 17h<\/p>\n<p><strong>Quadrilha da Academia Passo a Passo Dance Fitness<\/strong><br \/>\n\u2192 Dia 22 de julho, domingo, \u00e0s 16h<\/p>\n<p><strong>Quadrilha S\u00e3o Pedro<\/strong><br \/>\n\u2192 Dia 22 de julho, domingo, \u00e0s 17h<\/p>\n<p><strong>Quadrilha da Terceira Idade de Cajamar<\/strong><br \/>\n\u2192 Dia 28 de julho, s\u00e1bado, \u00e0s 15h<\/p>\n<p><strong>Quadrilha da Terceira Idade da Cidade de Valinhos<\/strong><br \/>\nDia 28 de julho, s\u00e1bado, \u00e0s 15h30<\/p>\n<p><strong>Quadrilha Tia Bolla<\/strong><br \/>\n\u2192 Dia 28 de julho, s\u00e1bado, \u00e0s 17h<\/p>\n<p><strong>Quadrilha da Terceira Idade de Campo Limpo Paulista<\/strong><br \/>\n\u2192 Dia 29 de julho, domingo, \u00e0s 15h<\/p>\n<p><strong>Quadrilha da Terceira Idade de Francisco Morato<\/strong><br \/>\n\u2192 Dia 29 de julho, domingo, \u00e0s 15h30<\/p>\n<p><strong>Quadrilha Tia Chalico<\/strong><br \/>\n\u2192 Dia 29 de julho, domingo, \u00e0s 17h<\/p>\n<p>Os ingressos para a Festa Julina de Jundia\u00ed podem ser adquiridos <strong><a href=\"https:\/\/www.festajulinadejundiai.com.br\/\">online<\/a>\u00a0<\/strong>ou em pontos de venda f\u00edsicos:\u00a0em Jundia\u00ed, nas lojas Aloha e Radical Vest no Centro, loja Radical Vest no Maxi Shopping e loja Vibe Beach no Jundia\u00ed Shopping; em Itupeva, no Espa\u00e7o Albuquerque (Av. Em\u00edlio Chechinato, 480); em V\u00e1rzea Paulista, na loja A Paulistana Magazine (Av. Fern\u00e3o Dias Paes Leme, 965); em Cajamar, na Casa de Carnes Camargo (Rua Avelino Toledo de Lima, 194); em Cabre\u00fava, na Pastelaria Horizonte (Av. Alberto Peratelo, 747, Loja 10; ou em Campinas, nas unidades da Livraria Leitura no Shopping Dom Pedro e no Campinas Shopping.<\/p>\n<p><em>(Fonte: Assessoria de Imprensa Festa Julina de Jundia\u00ed)<\/em><\/p>\n","protected":false},"excerpt":{"rendered":"<p>Evento contar\u00e1 tamb\u00e9m com comida t\u00edpica nordestina e parque de divers\u00e3o<\/p>\n","protected":false},"author":10,"featured_media":14031,"comment_status":"closed","ping_status":"closed","sticky":false,"template":"","format":"standard","meta":{"footnotes":""},"categories":[2834,2833,29],"tags":[3262,3263,5,3657,15],"class_list":["post-14025","post","type-post","status-publish","format-standard","has-post-thumbnail","hentry","category-cidades","category-cultura","category-destaque","tag-festa-julina","tag-festa-julina-de-jundiai","tag-jundiai","tag-quadrilha","tag-tvtec"],"_links":{"self":[{"href":"https:\/\/tvtecjundiai.com.br\/news\/wp-json\/wp\/v2\/posts\/14025","targetHints":{"allow":["GET"]}}],"collection":[{"href":"https:\/\/tvtecjundiai.com.br\/news\/wp-json\/wp\/v2\/posts"}],"about":[{"href":"https:\/\/tvtecjundiai.com.br\/news\/wp-json\/wp\/v2\/types\/post"}],"author":[{"embeddable":true,"href":"https:\/\/tvtecjundiai.com.br\/news\/wp-json\/wp\/v2\/users\/10"}],"replies":[{"embeddable":true,"href":"https:\/\/tvtecjundiai.com.br\/news\/wp-json\/wp\/v2\/comments?post=14025"}],"version-history":[{"count":2,"href":"https:\/\/tvtecjundiai.com.br\/news\/wp-json\/wp\/v2\/posts\/14025\/revisions"}],"predecessor-version":[{"id":14029,"href":"https:\/\/tvtecjundiai.com.br\/news\/wp-json\/wp\/v2\/posts\/14025\/revisions\/14029"}],"wp:featuredmedia":[{"embeddable":true,"href":"https:\/\/tvtecjundiai.com.br\/news\/wp-json\/wp\/v2\/media\/14031"}],"wp:attachment":[{"href":"https:\/\/tvtecjundiai.com.br\/news\/wp-json\/wp\/v2\/media?parent=14025"}],"wp:term":[{"taxonomy":"category","embeddable":true,"href":"https:\/\/tvtecjundiai.com.br\/news\/wp-json\/wp\/v2\/categories?post=14025"},{"taxonomy":"post_tag","embeddable":true,"href":"https:\/\/tvtecjundiai.com.br\/news\/wp-json\/wp\/v2\/tags?post=14025"}],"curies":[{"name":"wp","href":"https:\/\/api.w.org\/{rel}","templated":true}]}}