{"id":14044,"date":"2018-07-18T14:46:41","date_gmt":"2018-07-18T17:46:41","guid":{"rendered":"https:\/\/tvtecjundiai.com.br\/news\/?p=14044"},"modified":"2018-07-19T11:41:13","modified_gmt":"2018-07-19T14:41:13","slug":"cientistas-desenvolvem-exame-de-sangue-para-dectar-melanoma","status":"publish","type":"post","link":"https:\/\/tvtecjundiai.com.br\/news\/2018\/07\/18\/cientistas-desenvolvem-exame-de-sangue-para-dectar-melanoma\/","title":{"rendered":"Cientistas desenvolvem exame de sangue para detectar melanoma"},"content":{"rendered":"<div id=\"attachment_14047\" style=\"width: 460px\" class=\"wp-caption alignright\"><a href=\"https:\/\/tvtecjundiai.com.br\/news\/wp-content\/uploads\/sites\/2\/2018\/07\/7.jpg\"><img loading=\"lazy\" decoding=\"async\" aria-describedby=\"caption-attachment-14047\" class=\"wp-image-14047\" src=\"https:\/\/tvtecjundiai.com.br\/news\/wp-content\/uploads\/sites\/2\/2018\/07\/7-300x169.jpg\" alt=\"\" width=\"450\" height=\"253\" srcset=\"https:\/\/tvtecjundiai.com.br\/news\/wp-content\/uploads\/sites\/2\/2018\/07\/7-300x169.jpg 300w, https:\/\/tvtecjundiai.com.br\/news\/wp-content\/uploads\/sites\/2\/2018\/07\/7-768x432.jpg 768w, https:\/\/tvtecjundiai.com.br\/news\/wp-content\/uploads\/sites\/2\/2018\/07\/7-1200x676.jpg 1200w, https:\/\/tvtecjundiai.com.br\/news\/wp-content\/uploads\/sites\/2\/2018\/07\/7.jpg 1600w\" sizes=\"auto, (max-width: 450px) 100vw, 450px\" \/><\/a><p id=\"caption-attachment-14047\" class=\"wp-caption-text\">Pesquisadores preparam estudo cl\u00ednico para validar as conclus\u00f5es e desenvolver um teste que possa ser utilizado pelos m\u00e9dicos (Foto: Thinkstock)<\/p><\/div>\n<p>Um grupo de pesquisadores australianos anunciou, nesta quarta-feira (18), um novo teste de sangue para detectar o melanoma,\u00a0um c\u00e2ncer de pele muito agressivo, antes que se propague para o resto do corpo. O trabalho foi publicado pela revista &#8220;Oncotarget&#8221;.<\/p>\n<div class=\"wall\">\n<div class=\"mc-column content-text active-extra-styles \" data-block-type=\"unstyled\" data-block-weight=\"28\" data-block-id=\"4\">\n<p class=\"content-text__container \" data-track-category=\"Link no Texto\" data-track-links=\"\">Na pesquisa, participaram 105 pacientes com melanoma e 104 pessoas saud\u00e1veis. O procedimento experimentado permitiu diagn\u00f3stico precoce do melanoma em 79% dos casos, segundo os autores da pesquisa. &#8220;Este teste sangu\u00edneo \u00e9 muito promissor como detector potencial porque pode identificar o melanoma em sua etapa inicial, quando ainda pode ser tratado&#8221;, afirmou Pauline Zaenker, a principal pesquisadora, em um comunicado.<\/p>\n<\/div>\n<div class=\"mc-column content-text active-extra-styles \" data-block-type=\"unstyled\" data-block-weight=\"32\" data-block-id=\"5\">\n<p data-track-category=\"Link no Texto\" data-track-links=\"\">&#8220;Os pacientes cujo melanoma \u00e9 detectado em um estado precoce t\u00eam uma taxa de sobrevida de cinco anos entre 90% e 99%&#8221;, afirmou Zaenker. Caso contr\u00e1rio, a taxa de sobreviv\u00eancia cai para 50%.<\/p>\n<div class=\"wall\">\n<div class=\"mc-column content-text active-extra-styles \" data-block-type=\"unstyled\" data-block-weight=\"29\" data-block-id=\"8\">\n<p class=\"content-text__container \" data-track-category=\"Link no Texto\" data-track-links=\"\">Atualmente, o melanoma \u00e9 detectado mediante um exame cl\u00ednico realizado por um m\u00e9dico, que, em caso de les\u00e3o suspeita, procede a uma extra\u00e7\u00e3o para a realiza\u00e7\u00e3o de uma bi\u00f3psia. &#8220;Examinamos um total de 1.627 tipos diferentes de anticorpos para identificar uma combina\u00e7\u00e3o de dez anticorpos, a mais apta a assinalar a presen\u00e7a de melanoma nos pacientes confirmados em compara\u00e7\u00e3o com os volunt\u00e1rios saud\u00e1veis&#8221;, explicou Zaenker.<\/p>\n<\/div>\n<div class=\"mc-column content-text active-extra-styles \" data-block-type=\"unstyled\" data-block-weight=\"27\" data-block-id=\"10\">\n<p class=\"content-text__container \" data-track-category=\"Link no Texto\" data-track-links=\"\">A equipe de pesquisa prepara um trabalho cl\u00ednico que durar\u00e1 tr\u00eas anos para validar as conclus\u00f5es e dispor de um teste que possa ser utilizado pelos m\u00e9dicos. De acordo com a\u00a0Organiza\u00e7\u00e3o Mundial da Sa\u00fade (OMS), um em cada tr\u00eas casos de c\u00e2ncer \u00e9 de pele.<\/p>\n<p data-track-category=\"Link no Texto\" data-track-links=\"\"><em>(Fonte: G1)<\/em><\/p>\n<\/div>\n<\/div>\n<\/div>\n<\/div>\n","protected":false},"excerpt":{"rendered":"<p>De acordo com a\u00a0OMS, um em cada tr\u00eas casos de c\u00e2ncer \u00e9 de pele<\/p>\n","protected":false},"author":10,"featured_media":14047,"comment_status":"closed","ping_status":"closed","sticky":false,"template":"","format":"standard","meta":{"footnotes":""},"categories":[2839],"tags":[670,5,3659,15],"class_list":["post-14044","post","type-post","status-publish","format-standard","has-post-thumbnail","hentry","category-saude","tag-cancer","tag-jundiai","tag-melanoma","tag-tvtec"],"_links":{"self":[{"href":"https:\/\/tvtecjundiai.com.br\/news\/wp-json\/wp\/v2\/posts\/14044","targetHints":{"allow":["GET"]}}],"collection":[{"href":"https:\/\/tvtecjundiai.com.br\/news\/wp-json\/wp\/v2\/posts"}],"about":[{"href":"https:\/\/tvtecjundiai.com.br\/news\/wp-json\/wp\/v2\/types\/post"}],"author":[{"embeddable":true,"href":"https:\/\/tvtecjundiai.com.br\/news\/wp-json\/wp\/v2\/users\/10"}],"replies":[{"embeddable":true,"href":"https:\/\/tvtecjundiai.com.br\/news\/wp-json\/wp\/v2\/comments?post=14044"}],"version-history":[{"count":2,"href":"https:\/\/tvtecjundiai.com.br\/news\/wp-json\/wp\/v2\/posts\/14044\/revisions"}],"predecessor-version":[{"id":14136,"href":"https:\/\/tvtecjundiai.com.br\/news\/wp-json\/wp\/v2\/posts\/14044\/revisions\/14136"}],"wp:featuredmedia":[{"embeddable":true,"href":"https:\/\/tvtecjundiai.com.br\/news\/wp-json\/wp\/v2\/media\/14047"}],"wp:attachment":[{"href":"https:\/\/tvtecjundiai.com.br\/news\/wp-json\/wp\/v2\/media?parent=14044"}],"wp:term":[{"taxonomy":"category","embeddable":true,"href":"https:\/\/tvtecjundiai.com.br\/news\/wp-json\/wp\/v2\/categories?post=14044"},{"taxonomy":"post_tag","embeddable":true,"href":"https:\/\/tvtecjundiai.com.br\/news\/wp-json\/wp\/v2\/tags?post=14044"}],"curies":[{"name":"wp","href":"https:\/\/api.w.org\/{rel}","templated":true}]}}