{"id":14092,"date":"2018-07-19T08:49:08","date_gmt":"2018-07-19T11:49:08","guid":{"rendered":"https:\/\/tvtecjundiai.com.br\/news\/?p=14092"},"modified":"2018-07-19T10:46:33","modified_gmt":"2018-07-19T13:46:33","slug":"ministerio-da-saude-confirma-mais-de-600-casos-de-sarampo-no-brasil","status":"publish","type":"post","link":"https:\/\/tvtecjundiai.com.br\/news\/2018\/07\/19\/ministerio-da-saude-confirma-mais-de-600-casos-de-sarampo-no-brasil\/","title":{"rendered":"Minist\u00e9rio da Sa\u00fade confirma mais de 600 casos de sarampo no Brasil"},"content":{"rendered":"<div id=\"attachment_13464\" style=\"width: 460px\" class=\"wp-caption alignright\"><a href=\"https:\/\/tvtecjundiai.com.br\/news\/wp-content\/uploads\/sites\/2\/2018\/07\/sarampo-1-e1531224493799.jpg\"><img loading=\"lazy\" decoding=\"async\" aria-describedby=\"caption-attachment-13464\" class=\"wp-image-13464\" src=\"https:\/\/tvtecjundiai.com.br\/news\/wp-content\/uploads\/sites\/2\/2018\/07\/sarampo-1-e1531224493799-300x155.jpg\" alt=\"\" width=\"450\" height=\"232\" srcset=\"https:\/\/tvtecjundiai.com.br\/news\/wp-content\/uploads\/sites\/2\/2018\/07\/sarampo-1-e1531224493799-300x155.jpg 300w, https:\/\/tvtecjundiai.com.br\/news\/wp-content\/uploads\/sites\/2\/2018\/07\/sarampo-1-e1531224493799-768x396.jpg 768w, https:\/\/tvtecjundiai.com.br\/news\/wp-content\/uploads\/sites\/2\/2018\/07\/sarampo-1-e1531224493799.jpg 847w\" sizes=\"auto, (max-width: 450px) 100vw, 450px\" \/><\/a><p id=\"caption-attachment-13464\" class=\"wp-caption-text\">A transmiss\u00e3o da doen\u00e7a assemelha-se \u00e0 gripe: de pessoa para pessoa por meio de tosse e secre\u00e7\u00f5es<\/p><\/div>\n<p>O Minist\u00e9rio da Sa\u00fade confirmou 677 casos de sarampo no Brasil, at\u00e9 e \u00faltima ter\u00e7a-feira (17). Os estados que apresentaram notifica\u00e7\u00f5es da doen\u00e7a s\u00e3o\u00a0Amazonas, Roraima, Rond\u00f4nia, S\u00e3o Paulo, Rio de Janeiro e Rio Grande do Sul. Os locais que apresentam surto da doen\u00e7a s\u00e3o Roraima e Amazonas.<\/p>\n<p>O governo confirma que as suspeitas e os casos est\u00e3o ligados \u00e0 importa\u00e7\u00e3o de outros pa\u00edses\u00a0&#8220;Isso ficou comprovado pelo gen\u00f3tipo do v\u00edrus (D8) que foi identificado, que \u00e9 o mesmo que circula na Venezuela&#8221;, afirma o minist\u00e9rio.<\/p>\n<p>A regi\u00e3o Norte apresenta o maior n\u00famero de pessoas com a doen\u00e7a, no que diz respeito \u00e0s notifica\u00e7\u00f5es (3.120), confirma\u00e7\u00f5es (444) , investiga\u00e7\u00e3o (2.529) e descartes (147). A pasta acredita que seja capaz de controlar os surtos, todavia refor\u00e7a a import\u00e2ncia da imuniza\u00e7\u00e3o.<\/p>\n<p>Na \u00faltima ter\u00e7a-feira (17), o Minist\u00e9rio da Sa\u00fade (MS) divulgou o aumento no n\u00famero de casos da doen\u00e7a em todo mundo. Na esfera global,\u00a085% das crian\u00e7as foram vacinadas com a primeira dose da vacina contra o sarampo no primeiro ano de vida, por meio dos servi\u00e7os de sa\u00fade de rotina e 67% com uma segunda dose.<\/p>\n<p>O Sarampo \u00e9 uma doen\u00e7a causada por v\u00edrus e altamente contagiosa.<\/p>\n<p><em>(Fonte: G1)<\/em><\/p>\n","protected":false},"excerpt":{"rendered":"<p>Os estados que lideram o maior n\u00famero de casos encontram-se na regi\u00e3o Norte do pa\u00eds <\/p>\n","protected":false},"author":11,"featured_media":14093,"comment_status":"closed","ping_status":"closed","sticky":false,"template":"","format":"standard","meta":{"footnotes":""},"categories":[2834,1,2839],"tags":[1903,556,3663,2478,6,3594],"class_list":["post-14092","post","type-post","status-publish","format-standard","has-post-thumbnail","hentry","category-cidades","category-noticias","category-saude","tag-brasil","tag-noticias","tag-regiao-norte","tag-sarampo","tag-saude","tag-surto"],"_links":{"self":[{"href":"https:\/\/tvtecjundiai.com.br\/news\/wp-json\/wp\/v2\/posts\/14092","targetHints":{"allow":["GET"]}}],"collection":[{"href":"https:\/\/tvtecjundiai.com.br\/news\/wp-json\/wp\/v2\/posts"}],"about":[{"href":"https:\/\/tvtecjundiai.com.br\/news\/wp-json\/wp\/v2\/types\/post"}],"author":[{"embeddable":true,"href":"https:\/\/tvtecjundiai.com.br\/news\/wp-json\/wp\/v2\/users\/11"}],"replies":[{"embeddable":true,"href":"https:\/\/tvtecjundiai.com.br\/news\/wp-json\/wp\/v2\/comments?post=14092"}],"version-history":[{"count":4,"href":"https:\/\/tvtecjundiai.com.br\/news\/wp-json\/wp\/v2\/posts\/14092\/revisions"}],"predecessor-version":[{"id":14116,"href":"https:\/\/tvtecjundiai.com.br\/news\/wp-json\/wp\/v2\/posts\/14092\/revisions\/14116"}],"wp:featuredmedia":[{"embeddable":true,"href":"https:\/\/tvtecjundiai.com.br\/news\/wp-json\/wp\/v2\/media\/14093"}],"wp:attachment":[{"href":"https:\/\/tvtecjundiai.com.br\/news\/wp-json\/wp\/v2\/media?parent=14092"}],"wp:term":[{"taxonomy":"category","embeddable":true,"href":"https:\/\/tvtecjundiai.com.br\/news\/wp-json\/wp\/v2\/categories?post=14092"},{"taxonomy":"post_tag","embeddable":true,"href":"https:\/\/tvtecjundiai.com.br\/news\/wp-json\/wp\/v2\/tags?post=14092"}],"curies":[{"name":"wp","href":"https:\/\/api.w.org\/{rel}","templated":true}]}}