{"id":14124,"date":"2018-07-19T11:22:16","date_gmt":"2018-07-19T14:22:16","guid":{"rendered":"https:\/\/tvtecjundiai.com.br\/news\/?p=14124"},"modified":"2018-07-19T11:22:34","modified_gmt":"2018-07-19T14:22:34","slug":"guarda-municipal-de-jundiai-apreende-veiculo-adulterado","status":"publish","type":"post","link":"https:\/\/tvtecjundiai.com.br\/news\/2018\/07\/19\/guarda-municipal-de-jundiai-apreende-veiculo-adulterado\/","title":{"rendered":"Guarda Municipal de Jundia\u00ed apreende ve\u00edculo adulterado"},"content":{"rendered":"<p>Um ve\u00edculo de modelo Honda CRV foi apreendido na quarta-feira (18) em Jundia\u00ed pela Guarda Municipal (GMJ). A suspeita \u00e9 de que o autom\u00f3vel fosse clonado, e segundo informa\u00e7\u00f5es, ele estava cadastrado no sistema OCR, que faz a leitura dos caracteres das placas, a pedido do 7\u00b0 Distrito Policial (DP).<\/p>\n<p>A CRV foi avistada na avenida Dr. Odil Campos Saes por guardas municipais do Canil. Com\u00a0apoio de outras viaturas, os guardas abordaram o ve\u00edculo e, ao verificar a documenta\u00e7\u00e3o, os guardas conseguiram conversar com o propriet\u00e1rio do carro original, que estava com o ve\u00edculo estacionado em casa.<\/p>\n<p>O condutor suspeito e a CRV clonada foram encaminhados ao 7\u00b0 DP para averigua\u00e7\u00e3o, onde guardas e policiais civis descobriram que o ve\u00edculo era roubado. Ele estava com a placa original, mas v\u00e1rias pe\u00e7as adulteradas. O delegado liberou o condutor ap\u00f3s depoimento e recolheu o ve\u00edculo.<\/p>\n<p><em>(Fonte: Luciano Guerino)<\/em><\/p>\n","protected":false},"excerpt":{"rendered":"<p>Condutor foi liberado ap\u00f3s dar depoimento no 7\u00ba DP<\/p>\n","protected":false},"author":10,"featured_media":14125,"comment_status":"closed","ping_status":"closed","sticky":false,"template":"","format":"standard","meta":{"footnotes":""},"categories":[2834],"tags":[1567,195,5,1234,15],"class_list":["post-14124","post","type-post","status-publish","format-standard","has-post-thumbnail","hentry","category-cidades","tag-gmj","tag-guarda-municipal-de-jundiai","tag-jundiai","tag-seguranca","tag-tvtec"],"_links":{"self":[{"href":"https:\/\/tvtecjundiai.com.br\/news\/wp-json\/wp\/v2\/posts\/14124","targetHints":{"allow":["GET"]}}],"collection":[{"href":"https:\/\/tvtecjundiai.com.br\/news\/wp-json\/wp\/v2\/posts"}],"about":[{"href":"https:\/\/tvtecjundiai.com.br\/news\/wp-json\/wp\/v2\/types\/post"}],"author":[{"embeddable":true,"href":"https:\/\/tvtecjundiai.com.br\/news\/wp-json\/wp\/v2\/users\/10"}],"replies":[{"embeddable":true,"href":"https:\/\/tvtecjundiai.com.br\/news\/wp-json\/wp\/v2\/comments?post=14124"}],"version-history":[{"count":2,"href":"https:\/\/tvtecjundiai.com.br\/news\/wp-json\/wp\/v2\/posts\/14124\/revisions"}],"predecessor-version":[{"id":14127,"href":"https:\/\/tvtecjundiai.com.br\/news\/wp-json\/wp\/v2\/posts\/14124\/revisions\/14127"}],"wp:featuredmedia":[{"embeddable":true,"href":"https:\/\/tvtecjundiai.com.br\/news\/wp-json\/wp\/v2\/media\/14125"}],"wp:attachment":[{"href":"https:\/\/tvtecjundiai.com.br\/news\/wp-json\/wp\/v2\/media?parent=14124"}],"wp:term":[{"taxonomy":"category","embeddable":true,"href":"https:\/\/tvtecjundiai.com.br\/news\/wp-json\/wp\/v2\/categories?post=14124"},{"taxonomy":"post_tag","embeddable":true,"href":"https:\/\/tvtecjundiai.com.br\/news\/wp-json\/wp\/v2\/tags?post=14124"}],"curies":[{"name":"wp","href":"https:\/\/api.w.org\/{rel}","templated":true}]}}