{"id":14149,"date":"2018-07-19T14:07:00","date_gmt":"2018-07-19T17:07:00","guid":{"rendered":"https:\/\/tvtecjundiai.com.br\/news\/?p=14149"},"modified":"2018-07-20T14:12:01","modified_gmt":"2018-07-20T17:12:01","slug":"shows-imperdiveis-abrem-festa-julina-de-jundiai-1","status":"publish","type":"post","link":"https:\/\/tvtecjundiai.com.br\/news\/2018\/07\/19\/shows-imperdiveis-abrem-festa-julina-de-jundiai-1\/","title":{"rendered":"Shows imperd\u00edveis abrem Festa Julina de Jundia\u00ed"},"content":{"rendered":"<div id=\"attachment_14248\" style=\"width: 510px\" class=\"wp-caption alignright\"><a href=\"https:\/\/tvtecjundiai.com.br\/news\/wp-content\/uploads\/sites\/2\/2018\/07\/16nov2016-1479084822768_956x637.jpg\"><img loading=\"lazy\" decoding=\"async\" aria-describedby=\"caption-attachment-14248\" class=\"wp-image-14248\" src=\"https:\/\/tvtecjundiai.com.br\/news\/wp-content\/uploads\/sites\/2\/2018\/07\/16nov2016-1479084822768_956x637-300x200.jpg\" alt=\"\" width=\"500\" height=\"333\" srcset=\"https:\/\/tvtecjundiai.com.br\/news\/wp-content\/uploads\/sites\/2\/2018\/07\/16nov2016-1479084822768_956x637-300x200.jpg 300w, https:\/\/tvtecjundiai.com.br\/news\/wp-content\/uploads\/sites\/2\/2018\/07\/16nov2016-1479084822768_956x637-768x512.jpg 768w, https:\/\/tvtecjundiai.com.br\/news\/wp-content\/uploads\/sites\/2\/2018\/07\/16nov2016-1479084822768_956x637.jpg 956w\" sizes=\"auto, (max-width: 500px) 100vw, 500px\" \/><\/a><p id=\"caption-attachment-14248\" class=\"wp-caption-text\">P\u00e9ricles se apresenta a partir das 20h nesta sexta (20) (<em>BOL Not\u00edcias)<\/em><\/p><\/div>\n<p>A Festa Julina de Jundia\u00ed chega \u00e0 cidade nesta sexta-feira (20) e, inspirado nas tradicionais festas de Campina Grande e de S\u00e3o Jo\u00e3o de Patos, se estende pelos dias\u00a021, 22, 27, 28 e 29 de julho no Parque da Uva.<\/p>\n<p>A festa contar\u00e1 com shows de grandes artistas como Bruno e Marrone, Capital Inicial, Fernando e Sorocaba, entre outros.\u00a0Os ingressos podem ser adquiridos\u00a0<strong><a href=\"http:\/\/www.festajulinadejundiai.com.br\/\">online<\/a>\u00a0<\/strong>ou em pontos de venda f\u00edsicos e os valores variam entre R$ 20 (pista, meia entrada) e R$ 130 (open bar, inteira). Ao doar 1 kg de alimento n\u00e3o perec\u00edvel, o acesso \u00e0 pista fica R$ 25. J\u00e1 nos dias 20 e 27 de julho, a entrada \u00e9 gratuita mediante doa\u00e7\u00e3o. <a href=\"https:\/\/tvtecjundiai.com.br\/news\/2018\/07\/16\/festa-julina-de-jundiai-comeca-nesta-sexta-feira-20\/\"><strong>Confira a programa\u00e7\u00e3o completa de shows.<\/strong><\/a><\/p>\n<p>A festa tem entrada gratuita e cobran\u00e7a de ingresso somente para os shows noturnos. O evento ter\u00e1, ainda, restaurantes tem\u00e1ticos de culin\u00e1ria nordestina, feira de artesanato, parque de divers\u00e3o,\u00a0 celebra\u00e7\u00e3o de uni\u00f5es civis atrav\u00e9s de um Casamento Coletivo no clima da festa e\u00a0Competi\u00e7\u00e3o de Quadrilhas, onde grupos de toda a cidade poder\u00e3o concorrer a pr\u00eamios que somam 20 mil reais. <a href=\"https:\/\/tvtecjundiai.com.br\/news\/2018\/07\/18\/festa-julina-de-jundiai-tera-competicao-de-quadrilhas\/\"><strong>Confira a programa\u00e7\u00e3o da competi\u00e7\u00e3o.<\/strong><\/a><\/p>\n<p><strong>Pontos de venda<\/strong><br \/>\n\u2022 Jundia\u00ed: Lojas Aloha e Radical Vest no Centro, loja Radical Vest no Maxi Shopping e loja Vibe Beach no Jundia\u00ed Shopping;<br \/>\n\u2022 Itupeva: Espa\u00e7o Albuquerque (Av. Em\u00edlio Chechinato, 480);<br \/>\n\u2022 V\u00e1rzea Paulista: Loja A Paulistana Magazine (Av. Fern\u00e3o Dias Paes Leme, 965);<br \/>\n\u2022 Cajamar: Casa de Carnes Camargo (Rua Avelino Toledo de Lima, 194);<br \/>\n\u2022 Cabre\u00fava: Pastelaria Horizonte (Av. Alberto Peratelo, 747, Loja 10;<br \/>\n\u2022 Campinas: Livraria Leitura Shopping Dom Pedro e Campinas Shopping<\/p>\n","protected":false},"excerpt":{"rendered":"<p>A festa tem entrada gratuita e cobran\u00e7a de ingresso somente para os shows noturnos<\/p>\n","protected":false},"author":10,"featured_media":14248,"comment_status":"closed","ping_status":"closed","sticky":false,"template":"","format":"standard","meta":{"footnotes":""},"categories":[2834,2833],"tags":[3263,5,15],"class_list":["post-14149","post","type-post","status-publish","format-standard","has-post-thumbnail","hentry","category-cidades","category-cultura","tag-festa-julina-de-jundiai","tag-jundiai","tag-tvtec"],"_links":{"self":[{"href":"https:\/\/tvtecjundiai.com.br\/news\/wp-json\/wp\/v2\/posts\/14149","targetHints":{"allow":["GET"]}}],"collection":[{"href":"https:\/\/tvtecjundiai.com.br\/news\/wp-json\/wp\/v2\/posts"}],"about":[{"href":"https:\/\/tvtecjundiai.com.br\/news\/wp-json\/wp\/v2\/types\/post"}],"author":[{"embeddable":true,"href":"https:\/\/tvtecjundiai.com.br\/news\/wp-json\/wp\/v2\/users\/10"}],"replies":[{"embeddable":true,"href":"https:\/\/tvtecjundiai.com.br\/news\/wp-json\/wp\/v2\/comments?post=14149"}],"version-history":[{"count":9,"href":"https:\/\/tvtecjundiai.com.br\/news\/wp-json\/wp\/v2\/posts\/14149\/revisions"}],"predecessor-version":[{"id":14259,"href":"https:\/\/tvtecjundiai.com.br\/news\/wp-json\/wp\/v2\/posts\/14149\/revisions\/14259"}],"wp:featuredmedia":[{"embeddable":true,"href":"https:\/\/tvtecjundiai.com.br\/news\/wp-json\/wp\/v2\/media\/14248"}],"wp:attachment":[{"href":"https:\/\/tvtecjundiai.com.br\/news\/wp-json\/wp\/v2\/media?parent=14149"}],"wp:term":[{"taxonomy":"category","embeddable":true,"href":"https:\/\/tvtecjundiai.com.br\/news\/wp-json\/wp\/v2\/categories?post=14149"},{"taxonomy":"post_tag","embeddable":true,"href":"https:\/\/tvtecjundiai.com.br\/news\/wp-json\/wp\/v2\/tags?post=14149"}],"curies":[{"name":"wp","href":"https:\/\/api.w.org\/{rel}","templated":true}]}}