{"id":14254,"date":"2018-07-20T14:20:31","date_gmt":"2018-07-20T17:20:31","guid":{"rendered":"https:\/\/tvtecjundiai.com.br\/news\/?p=14254"},"modified":"2018-07-20T14:31:25","modified_gmt":"2018-07-20T17:31:25","slug":"festa-julina-de-jundiai-recebe-capital-inicial-e-nando-reis-neste-domingo-22","status":"publish","type":"post","link":"https:\/\/tvtecjundiai.com.br\/news\/2018\/07\/20\/festa-julina-de-jundiai-recebe-capital-inicial-e-nando-reis-neste-domingo-22\/","title":{"rendered":"Festa Julina de Jundia\u00ed recebe Capital Inicial e Nando Reis neste domingo (22)"},"content":{"rendered":"<div id=\"attachment_11966\" style=\"width: 410px\" class=\"wp-caption alignright\"><a href=\"https:\/\/tvtecjundiai.com.br\/news\/wp-content\/uploads\/sites\/2\/2018\/06\/Capital-Inicial-3-Divulga\u00e7\u00e3o.jpg\"><img loading=\"lazy\" decoding=\"async\" aria-describedby=\"caption-attachment-11966\" class=\"wp-image-11966\" src=\"https:\/\/tvtecjundiai.com.br\/news\/wp-content\/uploads\/sites\/2\/2018\/06\/Capital-Inicial-3-Divulga\u00e7\u00e3o-300x200.jpg\" alt=\"\" width=\"400\" height=\"267\" srcset=\"https:\/\/tvtecjundiai.com.br\/news\/wp-content\/uploads\/sites\/2\/2018\/06\/Capital-Inicial-3-Divulga\u00e7\u00e3o-300x200.jpg 300w, https:\/\/tvtecjundiai.com.br\/news\/wp-content\/uploads\/sites\/2\/2018\/06\/Capital-Inicial-3-Divulga\u00e7\u00e3o-768x513.jpg 768w, https:\/\/tvtecjundiai.com.br\/news\/wp-content\/uploads\/sites\/2\/2018\/06\/Capital-Inicial-3-Divulga\u00e7\u00e3o-1200x801.jpg 1200w, https:\/\/tvtecjundiai.com.br\/news\/wp-content\/uploads\/sites\/2\/2018\/06\/Capital-Inicial-3-Divulga\u00e7\u00e3o.jpg 2048w\" sizes=\"auto, (max-width: 400px) 100vw, 400px\" \/><\/a><p id=\"caption-attachment-11966\" class=\"wp-caption-text\">Capital Inicial sobe ao palco \u00e0s 20h<\/p><\/div>\n<p>Este domingo (22) de Festa Julina de Jundia\u00ed ter\u00e1 apresenta\u00e7\u00f5es de grandes artistas: Marcelo Carvalho sobe ao palco \u00e0s 16h; Nando Reis, \u00e0s 18h; e a banda Capital Inicial, \u00e0s 20h.\u00a0Os ingressos podem ser adquiridos\u00a0<strong><a href=\"http:\/\/www.festajulinadejundiai.com.br\/\">online<\/a>\u00a0<\/strong>ou em pontos de venda f\u00edsicos e os valores variam entre R$ 20 (pista, meia entrada) e R$ 130 (open bar, inteira). Ao doar 1 kg de alimento n\u00e3o perec\u00edvel, o acesso \u00e0 pista fica R$ 25.<\/p>\n<p>A Festa Julina de Jundia\u00ed chega ao Parque da Uva inspirada nas tradicionais festas de Campina Grande e de S\u00e3o Jo\u00e3o de Patos e se estende, ainda, pelos dias 22, 27, 28 e 29 de julho. O evento contar\u00e1 com restaurantes tem\u00e1ticos de culin\u00e1ria nordestina, feira de artesanato, parque de divers\u00e3o, Competi\u00e7\u00e3o de Quadrilha e muito mais. A festa tem entrada gratuita e cobran\u00e7a de ingresso somente para os shows noturnos.<\/p>\n<p><strong>Pontos de venda<\/strong><br \/>\n\u2022 Jundia\u00ed: Lojas Aloha e Radical Vest no Centro, loja Radical Vest no Maxi Shopping e loja Vibe Beach no Jundia\u00ed Shopping;<br \/>\n\u2022 Itupeva: Espa\u00e7o Albuquerque (Av. Em\u00edlio Chechinato, 480);<br \/>\n\u2022 V\u00e1rzea Paulista: Loja A Paulistana Magazine (Av. Fern\u00e3o Dias Paes Leme, 965);<br \/>\n\u2022 Cajamar: Casa de Carnes Camargo (Rua Avelino Toledo de Lima, 194);<br \/>\n\u2022 Cabre\u00fava: Pastelaria Horizonte (Av. Alberto Peratelo, 747, Loja 10;<br \/>\n\u2022 Campinas: Livraria Leitura Shopping Dom Pedro e Campinas Shopping<\/p>\n<p><em>(Imagem de capa: Chics e Vips)<\/em><\/p>\n","protected":false},"excerpt":{"rendered":"<p>Mediante doa\u00e7\u00e3o de 1 kg de alimento, acesso \u00e0 pista fica R$ 25<\/p>\n","protected":false},"author":10,"featured_media":14152,"comment_status":"closed","ping_status":"closed","sticky":false,"template":"","format":"standard","meta":{"footnotes":""},"categories":[2834,2833],"tags":[3263,5,15],"class_list":["post-14254","post","type-post","status-publish","format-standard","has-post-thumbnail","hentry","category-cidades","category-cultura","tag-festa-julina-de-jundiai","tag-jundiai","tag-tvtec"],"_links":{"self":[{"href":"https:\/\/tvtecjundiai.com.br\/news\/wp-json\/wp\/v2\/posts\/14254","targetHints":{"allow":["GET"]}}],"collection":[{"href":"https:\/\/tvtecjundiai.com.br\/news\/wp-json\/wp\/v2\/posts"}],"about":[{"href":"https:\/\/tvtecjundiai.com.br\/news\/wp-json\/wp\/v2\/types\/post"}],"author":[{"embeddable":true,"href":"https:\/\/tvtecjundiai.com.br\/news\/wp-json\/wp\/v2\/users\/10"}],"replies":[{"embeddable":true,"href":"https:\/\/tvtecjundiai.com.br\/news\/wp-json\/wp\/v2\/comments?post=14254"}],"version-history":[{"count":2,"href":"https:\/\/tvtecjundiai.com.br\/news\/wp-json\/wp\/v2\/posts\/14254\/revisions"}],"predecessor-version":[{"id":14261,"href":"https:\/\/tvtecjundiai.com.br\/news\/wp-json\/wp\/v2\/posts\/14254\/revisions\/14261"}],"wp:featuredmedia":[{"embeddable":true,"href":"https:\/\/tvtecjundiai.com.br\/news\/wp-json\/wp\/v2\/media\/14152"}],"wp:attachment":[{"href":"https:\/\/tvtecjundiai.com.br\/news\/wp-json\/wp\/v2\/media?parent=14254"}],"wp:term":[{"taxonomy":"category","embeddable":true,"href":"https:\/\/tvtecjundiai.com.br\/news\/wp-json\/wp\/v2\/categories?post=14254"},{"taxonomy":"post_tag","embeddable":true,"href":"https:\/\/tvtecjundiai.com.br\/news\/wp-json\/wp\/v2\/tags?post=14254"}],"curies":[{"name":"wp","href":"https:\/\/api.w.org\/{rel}","templated":true}]}}