{"id":14263,"date":"2018-07-20T16:03:32","date_gmt":"2018-07-20T19:03:32","guid":{"rendered":"https:\/\/tvtecjundiai.com.br\/news\/?p=14263"},"modified":"2018-07-20T16:03:32","modified_gmt":"2018-07-20T19:03:32","slug":"condominio-logistico-e-inaugurado-em-jundiai","status":"publish","type":"post","link":"https:\/\/tvtecjundiai.com.br\/news\/2018\/07\/20\/condominio-logistico-e-inaugurado-em-jundiai\/","title":{"rendered":"Condom\u00ednio log\u00edstico \u00e9 inaugurado em Jundia\u00ed"},"content":{"rendered":"<div id=\"attachment_14264\" style=\"width: 460px\" class=\"wp-caption alignright\"><a href=\"https:\/\/tvtecjundiai.com.br\/news\/wp-content\/uploads\/sites\/2\/2018\/07\/dsc5394-copiar.jpg\"><img loading=\"lazy\" decoding=\"async\" aria-describedby=\"caption-attachment-14264\" class=\"wp-image-14264\" src=\"https:\/\/tvtecjundiai.com.br\/news\/wp-content\/uploads\/sites\/2\/2018\/07\/dsc5394-copiar-300x200.jpg\" alt=\"\" width=\"450\" height=\"300\" srcset=\"https:\/\/tvtecjundiai.com.br\/news\/wp-content\/uploads\/sites\/2\/2018\/07\/dsc5394-copiar-300x200.jpg 300w, https:\/\/tvtecjundiai.com.br\/news\/wp-content\/uploads\/sites\/2\/2018\/07\/dsc5394-copiar-768x512.jpg 768w, https:\/\/tvtecjundiai.com.br\/news\/wp-content\/uploads\/sites\/2\/2018\/07\/dsc5394-copiar-1200x800.jpg 1200w, https:\/\/tvtecjundiai.com.br\/news\/wp-content\/uploads\/sites\/2\/2018\/07\/dsc5394-copiar.jpg 1280w\" sizes=\"auto, (max-width: 450px) 100vw, 450px\" \/><\/a><p id=\"caption-attachment-14264\" class=\"wp-caption-text\">Prefeito visitou o Centro de Log\u00edstica da Sandvik, inaugurado nesta sexta-feira<\/p><\/div>\n<p>Joate Park inaugurou, nesta sexta-feira (20) o seu condom\u00ednio log\u00edstico em Jundia\u00ed, localizado na rodovia Vice-Prefeito Hermenegildo Tonoli, bairro Medeiros. Na ocasi\u00e3o, tamb\u00e9m foi inaugurado o Centro Log\u00edstico da Sandvik, empresa sueca que transferiu recentemente sua opera\u00e7\u00e3o log\u00edstica da Zona Sul de S\u00e3o Paulo para Jundia\u00ed. No local, j\u00e1 trabalham cerca de 20 colaboradores.<\/p>\n<p>Presente \u00e0 cerim\u00f4nia, o prefeito Luiz Fernando Machado destacou a import\u00e2ncia do empreendimento para o Munic\u00edpio. \u201cAcreditamos que a iniciativa privada deva ser o principal gerador de emprego e renda, com o poder p\u00fablico atuando como fomentador, e \u00e9 isso que temos feito. Desde o in\u00edcio da gest\u00e3o temos atuado para refor\u00e7ar a competitividade de Jundia\u00ed e a abertura desses dois grandes neg\u00f3cios hoje \u00e9 mais uma prova de que estamos no caminho certo\u201d, disse.<\/p>\n<p>O s\u00f3cio propriet\u00e1rio do Joate Park Condom\u00ednio Log\u00edstico, Eduardo Tega, ressaltou o alto n\u00edvel de tecnologia empregado no CL. \u201cTrata-se de um dos mais sofisticados centros de log\u00edstica do Estado, com tecnologia que permite aproveitar 90% da capacidade de armazenamento. Acreditamos no potencial de Jundia\u00ed, cidade onde a nossa empresa nasceu, e esperamos continuar investindo aqui\u201d, afirmou.<\/p>\n<p>O presidente do grupo Sandvik no Brasil, Luiz Manetti, afirmou que a mudan\u00e7a da opera\u00e7\u00e3o log\u00edstica de S\u00e3o Paulo para Jundia\u00ed foi uma decis\u00e3o estrat\u00e9gica da empresa, a fim de continuar oferecendo um servi\u00e7o de excel\u00eancia para os clientes. \u201cAqui teremos acesso r\u00e1pido a aeroportos, ao Porto de Santos e a importantes centros comerciais, o que vai nos proporcionar redu\u00e7\u00e3o nos custos de opera\u00e7\u00e3o. Jundia\u00ed oferece tudo o que precisamos para continuar crescendo e, por isso, estamos certos de que tomamos a decis\u00e3o certa\u201d, disse.<\/p>\n<p><em>(Fonte: Prefeitura de Jundia\u00ed)<\/em><\/p>\n","protected":false},"excerpt":{"rendered":"<p>No mesmo dia tamb\u00e9m foi inaugurado o Centro Log\u00edstico da Sandvik<\/p>\n","protected":false},"author":10,"featured_media":14264,"comment_status":"closed","ping_status":"closed","sticky":false,"template":"","format":"standard","meta":{"footnotes":""},"categories":[2834,2829],"tags":[37,5,15],"class_list":["post-14263","post","type-post","status-publish","format-standard","has-post-thumbnail","hentry","category-cidades","category-economia","tag-emprego","tag-jundiai","tag-tvtec"],"_links":{"self":[{"href":"https:\/\/tvtecjundiai.com.br\/news\/wp-json\/wp\/v2\/posts\/14263","targetHints":{"allow":["GET"]}}],"collection":[{"href":"https:\/\/tvtecjundiai.com.br\/news\/wp-json\/wp\/v2\/posts"}],"about":[{"href":"https:\/\/tvtecjundiai.com.br\/news\/wp-json\/wp\/v2\/types\/post"}],"author":[{"embeddable":true,"href":"https:\/\/tvtecjundiai.com.br\/news\/wp-json\/wp\/v2\/users\/10"}],"replies":[{"embeddable":true,"href":"https:\/\/tvtecjundiai.com.br\/news\/wp-json\/wp\/v2\/comments?post=14263"}],"version-history":[{"count":1,"href":"https:\/\/tvtecjundiai.com.br\/news\/wp-json\/wp\/v2\/posts\/14263\/revisions"}],"predecessor-version":[{"id":14265,"href":"https:\/\/tvtecjundiai.com.br\/news\/wp-json\/wp\/v2\/posts\/14263\/revisions\/14265"}],"wp:featuredmedia":[{"embeddable":true,"href":"https:\/\/tvtecjundiai.com.br\/news\/wp-json\/wp\/v2\/media\/14264"}],"wp:attachment":[{"href":"https:\/\/tvtecjundiai.com.br\/news\/wp-json\/wp\/v2\/media?parent=14263"}],"wp:term":[{"taxonomy":"category","embeddable":true,"href":"https:\/\/tvtecjundiai.com.br\/news\/wp-json\/wp\/v2\/categories?post=14263"},{"taxonomy":"post_tag","embeddable":true,"href":"https:\/\/tvtecjundiai.com.br\/news\/wp-json\/wp\/v2\/tags?post=14263"}],"curies":[{"name":"wp","href":"https:\/\/api.w.org\/{rel}","templated":true}]}}