{"id":14274,"date":"2018-07-20T16:38:05","date_gmt":"2018-07-20T19:38:05","guid":{"rendered":"https:\/\/tvtecjundiai.com.br\/news\/?p=14274"},"modified":"2018-07-20T16:38:39","modified_gmt":"2018-07-20T19:38:39","slug":"gmj-detem-homem-e-apreende-municoes-em-acidente-na-vila-rami","status":"publish","type":"post","link":"https:\/\/tvtecjundiai.com.br\/news\/2018\/07\/20\/gmj-detem-homem-e-apreende-municoes-em-acidente-na-vila-rami\/","title":{"rendered":"GMJ det\u00e9m homem e apreende muni\u00e7\u00f5es em acidente na Vila Rami"},"content":{"rendered":"<div id=\"attachment_14276\" style=\"width: 360px\" class=\"wp-caption alignright\"><a href=\"https:\/\/tvtecjundiai.com.br\/news\/wp-content\/uploads\/sites\/2\/2018\/07\/IMG-20180720-WA0006.jpg\"><img loading=\"lazy\" decoding=\"async\" aria-describedby=\"caption-attachment-14276\" class=\"wp-image-14276\" src=\"https:\/\/tvtecjundiai.com.br\/news\/wp-content\/uploads\/sites\/2\/2018\/07\/IMG-20180720-WA0006-300x225.jpg\" alt=\"\" width=\"350\" height=\"263\" srcset=\"https:\/\/tvtecjundiai.com.br\/news\/wp-content\/uploads\/sites\/2\/2018\/07\/IMG-20180720-WA0006-300x225.jpg 300w, https:\/\/tvtecjundiai.com.br\/news\/wp-content\/uploads\/sites\/2\/2018\/07\/IMG-20180720-WA0006-768x576.jpg 768w, https:\/\/tvtecjundiai.com.br\/news\/wp-content\/uploads\/sites\/2\/2018\/07\/IMG-20180720-WA0006-1200x900.jpg 1200w, https:\/\/tvtecjundiai.com.br\/news\/wp-content\/uploads\/sites\/2\/2018\/07\/IMG-20180720-WA0006.jpg 1280w\" sizes=\"auto, (max-width: 350px) 100vw, 350px\" \/><\/a><p id=\"caption-attachment-14276\" class=\"wp-caption-text\">Condutor do C3 tinha um mandado de pris\u00e3o em aberto<\/p><\/div>\n<p style=\"font-weight: 400;\">Um homem de 45 anos foi preso na noite desta quinta-feira (19) pela Guarda Municipal de Jundia\u00ed (GMJ) depois de se envolver em um acidente de tr\u00e2nsito na Vila Rami. De acordo com informa\u00e7\u00f5es, dois ve\u00edculos se chocaram em uma travessa pr\u00f3xima ao Terminal da Vila Rami.<\/p>\n<p style=\"font-weight: 400;\">Guardas municipais que realizavam rondas no terminal urbano escutaram o barulho e foram verificar. Na rua S\u00e3o Francisco de Sales, os guardas se depararam com dois ve\u00edculos colididos, um C3 na cor prata e um Cruze tamb\u00e9m na cor prata. N\u00e3o houve feridos.<\/p>\n<p style=\"font-weight: 400;\">Ambos foram averiguados pela equipe, por\u00e9m o condutor do C3 tinha um mandado de pris\u00e3o em aberto. Durante a revista pessoal, os guardas Alexandre e Bispo encontraram um rev\u00f3lver calibre 38 com mais 12 muni\u00e7\u00f5es, al\u00e9m de uma faca.<\/p>\n<p style=\"font-weight: 400;\">Isa\u00edas Marques Ferreira Lima, morador do bairro Almerinda Chaves, foi conduzido pela equipe at\u00e9 o Plant\u00e3o Policial. Questionado sobre o rev\u00f3lver, Isa\u00edas disse que \u00e9 comerciante e por isso necessitava usar arma de fogo. Sem ter o porte de arma, o delegado de plant\u00e3o ratificou a voz de pris\u00e3o \u00e0 Isa\u00edas por porte ilegal de arma, sendo recolhido at\u00e9 o Centro de Triagem de Campo Limpo Paulista.<\/p>\n<p style=\"font-weight: 400;\">O outro envolvido registrou o boletim de ocorr\u00eancia de colis\u00e3o e foi liberado. O C3 ficou apreendido.<\/p>\n<p><em>(Fonte: Luciano Guerino &#8211; GMJ)<\/em><\/p>\n","protected":false},"excerpt":{"rendered":"<p>Condutor tinha um mandado de pris\u00e3o em aberto<\/p>\n","protected":false},"author":10,"featured_media":14276,"comment_status":"closed","ping_status":"closed","sticky":false,"template":"","format":"standard","meta":{"footnotes":""},"categories":[2834,1],"tags":[1567,195,5,15],"class_list":["post-14274","post","type-post","status-publish","format-standard","has-post-thumbnail","hentry","category-cidades","category-noticias","tag-gmj","tag-guarda-municipal-de-jundiai","tag-jundiai","tag-tvtec"],"_links":{"self":[{"href":"https:\/\/tvtecjundiai.com.br\/news\/wp-json\/wp\/v2\/posts\/14274","targetHints":{"allow":["GET"]}}],"collection":[{"href":"https:\/\/tvtecjundiai.com.br\/news\/wp-json\/wp\/v2\/posts"}],"about":[{"href":"https:\/\/tvtecjundiai.com.br\/news\/wp-json\/wp\/v2\/types\/post"}],"author":[{"embeddable":true,"href":"https:\/\/tvtecjundiai.com.br\/news\/wp-json\/wp\/v2\/users\/10"}],"replies":[{"embeddable":true,"href":"https:\/\/tvtecjundiai.com.br\/news\/wp-json\/wp\/v2\/comments?post=14274"}],"version-history":[{"count":4,"href":"https:\/\/tvtecjundiai.com.br\/news\/wp-json\/wp\/v2\/posts\/14274\/revisions"}],"predecessor-version":[{"id":14279,"href":"https:\/\/tvtecjundiai.com.br\/news\/wp-json\/wp\/v2\/posts\/14274\/revisions\/14279"}],"wp:featuredmedia":[{"embeddable":true,"href":"https:\/\/tvtecjundiai.com.br\/news\/wp-json\/wp\/v2\/media\/14276"}],"wp:attachment":[{"href":"https:\/\/tvtecjundiai.com.br\/news\/wp-json\/wp\/v2\/media?parent=14274"}],"wp:term":[{"taxonomy":"category","embeddable":true,"href":"https:\/\/tvtecjundiai.com.br\/news\/wp-json\/wp\/v2\/categories?post=14274"},{"taxonomy":"post_tag","embeddable":true,"href":"https:\/\/tvtecjundiai.com.br\/news\/wp-json\/wp\/v2\/tags?post=14274"}],"curies":[{"name":"wp","href":"https:\/\/api.w.org\/{rel}","templated":true}]}}