{"id":1431,"date":"2017-10-05T15:49:59","date_gmt":"2017-10-05T18:49:59","guid":{"rendered":"https:\/\/tvtecjundiai.com.br\/news\/?p=1431"},"modified":"2017-10-05T16:40:28","modified_gmt":"2017-10-05T19:40:28","slug":"cidades-prefeitura-responde-ao-vivo-sobre-remodelacao-de-linhas-no-vetor-oeste","status":"publish","type":"post","link":"https:\/\/tvtecjundiai.com.br\/news\/2017\/10\/05\/cidades-prefeitura-responde-ao-vivo-sobre-remodelacao-de-linhas-no-vetor-oeste\/","title":{"rendered":"Cidades: Prefeitura responde ao vivo sobre remodela\u00e7\u00e3o de linhas no Vetor Oeste"},"content":{"rendered":"<p>Para quem ainda tem d\u00favidas sobre a remodela\u00e7\u00e3o das linhas do Vetor Oeste que come\u00e7a neste s\u00e1bado, 7 de outubro: o assunto ser\u00e1 objeto uma live (programa ao vivo) especial, nesta sexta-feira, 6 de outubro, \u00e0s 16h30, transmitida na p\u00e1gina do Facebook da Prefeitura de Jundia\u00ed (<a href=\"https:\/\/www.facebook.com\/prefeituradejundiai\/\">https:\/\/www.facebook.com\/prefeituradejundiai\/<\/a>). Envie a sua pergunta para TVTEC, estaremos por l\u00e1, tamb\u00e9m, para esclarecer todas as suas quest\u00f5es!<\/p>\n<p>Nesta ter\u00e7a-feira (3), a Unidade de Gest\u00e3o de Mobilidade e Transporte (UGMT) iniciou uma a\u00e7\u00e3o de distribui\u00e7\u00e3o de panfletos nos tr\u00eas terminais envolvidos nas mudan\u00e7as (Central, Eloy Chaves e Vila Arens). O objetivo foi orientar e esclarecer sobre a remodela\u00e7\u00e3o nas linhas de \u00f4nibus 900, 941A e 941B que atendem o Vetor Oeste.<\/p>\n","protected":false},"excerpt":{"rendered":"<p>Assista, a partir das 16h30, no Facebook da Prefeitura de Jundia\u00ed<\/p>\n","protected":false},"author":8,"featured_media":1432,"comment_status":"closed","ping_status":"closed","sticky":false,"template":"","format":"standard","meta":{"footnotes":""},"categories":[1],"tags":[827,237,826,107,127,825],"class_list":["post-1431","post","type-post","status-publish","format-standard","has-post-thumbnail","hentry","category-noticias","tag-ao-vivo","tag-facebook","tag-live","tag-prefeitura-de-jundiai","tag-transito","tag-vetor-oeste"],"_links":{"self":[{"href":"https:\/\/tvtecjundiai.com.br\/news\/wp-json\/wp\/v2\/posts\/1431","targetHints":{"allow":["GET"]}}],"collection":[{"href":"https:\/\/tvtecjundiai.com.br\/news\/wp-json\/wp\/v2\/posts"}],"about":[{"href":"https:\/\/tvtecjundiai.com.br\/news\/wp-json\/wp\/v2\/types\/post"}],"author":[{"embeddable":true,"href":"https:\/\/tvtecjundiai.com.br\/news\/wp-json\/wp\/v2\/users\/8"}],"replies":[{"embeddable":true,"href":"https:\/\/tvtecjundiai.com.br\/news\/wp-json\/wp\/v2\/comments?post=1431"}],"version-history":[{"count":1,"href":"https:\/\/tvtecjundiai.com.br\/news\/wp-json\/wp\/v2\/posts\/1431\/revisions"}],"predecessor-version":[{"id":1433,"href":"https:\/\/tvtecjundiai.com.br\/news\/wp-json\/wp\/v2\/posts\/1431\/revisions\/1433"}],"wp:featuredmedia":[{"embeddable":true,"href":"https:\/\/tvtecjundiai.com.br\/news\/wp-json\/wp\/v2\/media\/1432"}],"wp:attachment":[{"href":"https:\/\/tvtecjundiai.com.br\/news\/wp-json\/wp\/v2\/media?parent=1431"}],"wp:term":[{"taxonomy":"category","embeddable":true,"href":"https:\/\/tvtecjundiai.com.br\/news\/wp-json\/wp\/v2\/categories?post=1431"},{"taxonomy":"post_tag","embeddable":true,"href":"https:\/\/tvtecjundiai.com.br\/news\/wp-json\/wp\/v2\/tags?post=1431"}],"curies":[{"name":"wp","href":"https:\/\/api.w.org\/{rel}","templated":true}]}}