{"id":14382,"date":"2018-07-23T16:56:17","date_gmt":"2018-07-23T19:56:17","guid":{"rendered":"https:\/\/tvtecjundiai.com.br\/news\/?p=14382"},"modified":"2018-07-23T16:56:17","modified_gmt":"2018-07-23T19:56:17","slug":"prefeitura-lanca-selo-de-qualidade-para-feirantes-e-empreendedores","status":"publish","type":"post","link":"https:\/\/tvtecjundiai.com.br\/news\/2018\/07\/23\/prefeitura-lanca-selo-de-qualidade-para-feirantes-e-empreendedores\/","title":{"rendered":"Prefeitura lan\u00e7a selo de qualidade para feirantes e empreendedores"},"content":{"rendered":"<div id=\"attachment_14383\" style=\"width: 410px\" class=\"wp-caption alignright\"><a href=\"https:\/\/tvtecjundiai.com.br\/news\/wp-content\/uploads\/sites\/2\/2018\/07\/reuniao-de-plataforma-381.jpg\"><img loading=\"lazy\" decoding=\"async\" aria-describedby=\"caption-attachment-14383\" class=\"wp-image-14383\" src=\"https:\/\/tvtecjundiai.com.br\/news\/wp-content\/uploads\/sites\/2\/2018\/07\/reuniao-de-plataforma-381-300x271.jpg\" alt=\"\" width=\"400\" height=\"361\" srcset=\"https:\/\/tvtecjundiai.com.br\/news\/wp-content\/uploads\/sites\/2\/2018\/07\/reuniao-de-plataforma-381-300x271.jpg 300w, https:\/\/tvtecjundiai.com.br\/news\/wp-content\/uploads\/sites\/2\/2018\/07\/reuniao-de-plataforma-381-768x694.jpg 768w, https:\/\/tvtecjundiai.com.br\/news\/wp-content\/uploads\/sites\/2\/2018\/07\/reuniao-de-plataforma-381-1063x960.jpg 1063w, https:\/\/tvtecjundiai.com.br\/news\/wp-content\/uploads\/sites\/2\/2018\/07\/reuniao-de-plataforma-381.jpg 1280w\" sizes=\"auto, (max-width: 400px) 100vw, 400px\" \/><\/a><p id=\"caption-attachment-14383\" class=\"wp-caption-text\">Uma das contempladas com o selo foi a empreendedora Sirley Godoi Bueno Homan, que vende churros nos varej\u00f5es do Agapeama e do Anhangaba\u00fa<\/p><\/div>\n<p>A Unidade de Gest\u00e3o de Agroneg\u00f3cio, Abastecimento e Turismo (UGAAT) lan\u00e7ou, na manh\u00e3 desta segunda-feira (23), duas novidades bastante aguardadas pelos agricultores jundiaienses: o Selo de Qualidade do Abastecimento e a cartilha do Servi\u00e7o de Inspe\u00e7\u00e3o Municipal (SIM). O evento de lan\u00e7amento, realizado no S\u00edtio S\u00e3o Ger\u00f4nimo, no Jundia\u00ed Mirim, abriu a Semana do Agricultor Jundiaiense, que tem uma s\u00e9rie de atividades em sua programa\u00e7\u00e3o.<\/p>\n<p>Para o gestor da UGAAT, Eduardo Alvarez, trata-se de um momento divisor de \u00e1guas para o agroneg\u00f3cio local. \u201cA certifica\u00e7\u00e3o \u00e9 uma tend\u00eancia nacional, uma vez que os consumidores est\u00e3o cada vez mais exigentes. O selo vai agregar valor aos produtos e dar\u00e1 seguran\u00e7a tamb\u00e9m para os consumidores, que ter\u00e3o a certeza de que est\u00e3o adquirindo itens feitos com qualidade\u201d, afirmou. O selo \u00e9 dividido em quatro n\u00edveis: bronze, prata, ouro e diamante.<\/p>\n<p>Uma das contempladas com o selo foi a empreendedora Sirley Godoi Bueno Homan, que vende churros nos varej\u00f5es do Agapeama e do Anhangaba\u00fa. \u201c\u00c9 uma iniciativa muito importante porque valoriza o nosso trabalho e profissionaliza o setor. Minha barraca \u00e9 pequena, mas vou arrumar um lugar para deixar o selo exposto aos meus clientes\u201d, contou.<\/p>\n<p>Presente ao lan\u00e7amento, o prefeito Luiz Fernando Machado lembrou que o setor agr\u00edcola tem uma import\u00e2ncia muito grande para a cidade n\u00e3o s\u00f3 no que se refere aos aspectos econ\u00f4micos. \u201cN\u00e3o podemos esquecer da quest\u00e3o da sustentabilidade, que \u00e9 muito respeitada pelos produtores locais\u201d, disse. \u201cNossa Administra\u00e7\u00e3o reconhece a for\u00e7a do agroneg\u00f3cio, tanto que ampliamos a \u00e1rea de produ\u00e7\u00e3o na horta do Vale Verde, na Etec Benedito Storani, para atender \u00e0s nossas escolas municipais\u201d, completou.<\/p>\n<p>O Selo de Qualidade do Abastecimento foi entregue a 14 pessoas, entre feirantes e empreendedores. J\u00e1 a cartilha e o registro do SIM foi entregue a cinco empres\u00e1rios. O registro no SIM \u00e9 obrigat\u00f3rio para todas as empresas que processam alimentos de origem animal no Munic\u00edpio. Segundo Alvarez, outros permission\u00e1rios e empreendedores passam atualmente por um processo de avalia\u00e7\u00e3o para obter a certifica\u00e7\u00e3o.<\/p>\n<p><em>(Fonte: Prefeitura de Jundia\u00ed)<\/em><\/p>\n","protected":false},"excerpt":{"rendered":"<p>Evento de lan\u00e7amento abriu a Semana do Agricultor Jundiaiense<\/p>\n","protected":false},"author":10,"featured_media":14384,"comment_status":"closed","ping_status":"closed","sticky":false,"template":"","format":"standard","meta":{"footnotes":""},"categories":[2834,29],"tags":[580,2100,5,15],"class_list":["post-14382","post","type-post","status-publish","format-standard","has-post-thumbnail","hentry","category-cidades","category-destaque","tag-abastecimento","tag-agricultura","tag-jundiai","tag-tvtec"],"_links":{"self":[{"href":"https:\/\/tvtecjundiai.com.br\/news\/wp-json\/wp\/v2\/posts\/14382","targetHints":{"allow":["GET"]}}],"collection":[{"href":"https:\/\/tvtecjundiai.com.br\/news\/wp-json\/wp\/v2\/posts"}],"about":[{"href":"https:\/\/tvtecjundiai.com.br\/news\/wp-json\/wp\/v2\/types\/post"}],"author":[{"embeddable":true,"href":"https:\/\/tvtecjundiai.com.br\/news\/wp-json\/wp\/v2\/users\/10"}],"replies":[{"embeddable":true,"href":"https:\/\/tvtecjundiai.com.br\/news\/wp-json\/wp\/v2\/comments?post=14382"}],"version-history":[{"count":1,"href":"https:\/\/tvtecjundiai.com.br\/news\/wp-json\/wp\/v2\/posts\/14382\/revisions"}],"predecessor-version":[{"id":14385,"href":"https:\/\/tvtecjundiai.com.br\/news\/wp-json\/wp\/v2\/posts\/14382\/revisions\/14385"}],"wp:featuredmedia":[{"embeddable":true,"href":"https:\/\/tvtecjundiai.com.br\/news\/wp-json\/wp\/v2\/media\/14384"}],"wp:attachment":[{"href":"https:\/\/tvtecjundiai.com.br\/news\/wp-json\/wp\/v2\/media?parent=14382"}],"wp:term":[{"taxonomy":"category","embeddable":true,"href":"https:\/\/tvtecjundiai.com.br\/news\/wp-json\/wp\/v2\/categories?post=14382"},{"taxonomy":"post_tag","embeddable":true,"href":"https:\/\/tvtecjundiai.com.br\/news\/wp-json\/wp\/v2\/tags?post=14382"}],"curies":[{"name":"wp","href":"https:\/\/api.w.org\/{rel}","templated":true}]}}