{"id":14410,"date":"2018-07-24T09:23:10","date_gmt":"2018-07-24T12:23:10","guid":{"rendered":"https:\/\/tvtecjundiai.com.br\/news\/?p=14410"},"modified":"2018-07-24T09:23:34","modified_gmt":"2018-07-24T12:23:34","slug":"unidade-de-saude-confirma-seis-casos-de-gripe-h1n1-em-jundiai","status":"publish","type":"post","link":"https:\/\/tvtecjundiai.com.br\/news\/2018\/07\/24\/unidade-de-saude-confirma-seis-casos-de-gripe-h1n1-em-jundiai\/","title":{"rendered":"Unidade de Sa\u00fade confirma seis casos de gripe H1N1 em Jundia\u00ed"},"content":{"rendered":"<div id=\"attachment_14414\" style=\"width: 410px\" class=\"wp-caption alignright\"><a href=\"https:\/\/tvtecjundiai.com.br\/news\/wp-content\/uploads\/sites\/2\/2018\/07\/vacina-h1n1.jpg\"><img loading=\"lazy\" decoding=\"async\" aria-describedby=\"caption-attachment-14414\" class=\"wp-image-14414\" src=\"https:\/\/tvtecjundiai.com.br\/news\/wp-content\/uploads\/sites\/2\/2018\/07\/vacina-h1n1-300x167.jpg\" alt=\"\" width=\"400\" height=\"223\" \/><\/a><p id=\"caption-attachment-14414\" class=\"wp-caption-text\">Imuniza\u00e7\u00e3o contra a gripe ainda est\u00e1 abaixo da meta na cidade <em>(Reprodu\u00e7\u00e3o\/G1)<\/em><\/p><\/div>\n<p>A Unidade de Gest\u00e3o de Promo\u00e7\u00e3o da Sa\u00fade (UGPS), por meio da Vigil\u00e2ncia Epidemiol\u00f3gica, informa dados relacionados \u00e0 situa\u00e7\u00e3o dos casos e da vacina\u00e7\u00e3o contra a Influenza no munic\u00edpio de Jundia\u00ed.<\/p>\n<p>Foram notificados 50 casos de S\u00edndrome Respirat\u00f3ria Aguda Grave (SRAG) residentes em Jundia\u00ed, sendo: 17 aguardando resultado, 5 casos positivos para H1N1 (j\u00e1 em alta hospitalar), 1 \u00f3bito aguardando resultado e 1 \u00f3bito positivo para H1N1 (junho, paciente com comorbidades).<\/p>\n<p>At\u00e9 dia 19 de julho, haviam sido imunizadas 81.825 pessoas, o que corresponde a 77% dos 106 mil estimados entre crian\u00e7as de seis meses a menores de nove anos, trabalhadores na \u00e1rea da sa\u00fade, gestantes, pu\u00e9rperas e idosos que podem se vacinar contra os v\u00edrus da Influenza. As doses est\u00e3o dispon\u00edveis em todas as Unidades B\u00e1sicas de Sa\u00fade durante todo o hor\u00e1rio de atendimento.<\/p>\n<p>Conforme disponibilidade de estoque de cada unidade, \u00e9 ofertada a dose para os grupos determinados pelo Minist\u00e9rio da Sa\u00fade (MS), sendo priorizadas gestantes e crian\u00e7as entre seis meses e menores de cinco anos.<\/p>\n","protected":false},"excerpt":{"rendered":"<p>Apenas 77% dos grupos priorit\u00e1rios foram imunizados<\/p>\n","protected":false},"author":10,"featured_media":14414,"comment_status":"closed","ping_status":"closed","sticky":false,"template":"","format":"standard","meta":{"footnotes":""},"categories":[2834,29,2839],"tags":[2745,2746,5,15],"class_list":["post-14410","post","type-post","status-publish","format-standard","has-post-thumbnail","hentry","category-cidades","category-destaque","category-saude","tag-gripe","tag-influenza","tag-jundiai","tag-tvtec"],"_links":{"self":[{"href":"https:\/\/tvtecjundiai.com.br\/news\/wp-json\/wp\/v2\/posts\/14410","targetHints":{"allow":["GET"]}}],"collection":[{"href":"https:\/\/tvtecjundiai.com.br\/news\/wp-json\/wp\/v2\/posts"}],"about":[{"href":"https:\/\/tvtecjundiai.com.br\/news\/wp-json\/wp\/v2\/types\/post"}],"author":[{"embeddable":true,"href":"https:\/\/tvtecjundiai.com.br\/news\/wp-json\/wp\/v2\/users\/10"}],"replies":[{"embeddable":true,"href":"https:\/\/tvtecjundiai.com.br\/news\/wp-json\/wp\/v2\/comments?post=14410"}],"version-history":[{"count":2,"href":"https:\/\/tvtecjundiai.com.br\/news\/wp-json\/wp\/v2\/posts\/14410\/revisions"}],"predecessor-version":[{"id":14416,"href":"https:\/\/tvtecjundiai.com.br\/news\/wp-json\/wp\/v2\/posts\/14410\/revisions\/14416"}],"wp:featuredmedia":[{"embeddable":true,"href":"https:\/\/tvtecjundiai.com.br\/news\/wp-json\/wp\/v2\/media\/14414"}],"wp:attachment":[{"href":"https:\/\/tvtecjundiai.com.br\/news\/wp-json\/wp\/v2\/media?parent=14410"}],"wp:term":[{"taxonomy":"category","embeddable":true,"href":"https:\/\/tvtecjundiai.com.br\/news\/wp-json\/wp\/v2\/categories?post=14410"},{"taxonomy":"post_tag","embeddable":true,"href":"https:\/\/tvtecjundiai.com.br\/news\/wp-json\/wp\/v2\/tags?post=14410"}],"curies":[{"name":"wp","href":"https:\/\/api.w.org\/{rel}","templated":true}]}}